{"id":25006,"date":"2025-10-29T10:23:33","date_gmt":"2025-10-29T09:23:33","guid":{"rendered":"https:\/\/www.cortenplus.com\/?p=25006"},"modified":"2025-10-30T07:22:21","modified_gmt":"2025-10-30T06:22:21","slug":"everything-you-need-to-know-about-welding-corten-steel","status":"publish","type":"post","link":"https:\/\/www.cortenplus.com\/hu\/everything-you-need-to-know-about-welding-corten-steel\/","title":{"rendered":"Minden, amit a Corten ac\u00e9l hegeszt\u00e9s\u00e9r\u0151l tudni kell"},"content":{"rendered":"<p>A Corten ac\u00e9l, m\u00e1s n\u00e9ven id\u0151j\u00e1r\u00e1s\u00e1ll\u00f3 ac\u00e9l, egy rendk\u00edv\u00fcli anyag, amelyet rusztikus megjelen\u00e9se \u00e9s kiv\u00e9teles tart\u00f3ss\u00e1ga miatt nagyra \u00e9rt\u00e9kelnek. Meleg, term\u00e9szetes t\u00f3nusai \u00e9s a v\u00e9d\u0151 patina kialak\u00edt\u00e1s\u00e1nak k\u00e9pess\u00e9ge ide\u00e1lis \u00e9p\u00edt\u00e9szeti szerkezetek, szobrok \u00e9s k\u00fclt\u00e9ri b\u00fatorok k\u00e9sz\u00edt\u00e9s\u00e9hez. Hegeszt\u00e9skor azonban a Corten ac\u00e9l k\u00fcl\u00f6n\u00f6s gondoss\u00e1got ig\u00e9nyel. Egyedi \u00f6sszet\u00e9tele nemcsak az oxid\u00e1ci\u00f3s folyamatot befoly\u00e1solja, hanem a hegeszt\u00e9s ut\u00e1ni korr\u00f3zi\u00f3\u00e1ll\u00f3s\u00e1g meg\u0151rz\u00e9s\u00e9hez sz\u00fcks\u00e9ges technik\u00e1kat \u00e9s \u00f3vint\u00e9zked\u00e9seket is.<\/p>\n\n\n\n<p>Sokan azt felt\u00e9telezik, hogy a Corten ac\u00e9l hegeszt\u00e9se megegyezik a hagyom\u00e1nyos sz\u00e9nac\u00e9l hegeszt\u00e9s\u00e9vel, de ez t\u00e9ved\u00e9s. A helytelen hegeszt\u00e9si technik\u00e1k vagy a nem megfelel\u0151 t\u00f6lt\u0151anyagok vesz\u00e9lyeztethetik a f\u00e9m \u00f6nv\u00e9d\u0151 patin\u00e1j\u00e1t. Hasonl\u00f3k\u00e9ppen, a hegeszt\u00e9s ut\u00e1ni kezel\u00e9seket is k\u00f6r\u00fcltekint\u0151en kell megv\u00e1lasztani: a savas alap\u00fa rozsdagyors\u00edt\u00f3k s\u00falyosan k\u00e1ros\u00edthatj\u00e1k az ac\u00e9lt, m\u00edg az olyan professzion\u00e1lis savmentes megold\u00e1sok, mint az Corten+ term\u00e9kei, meg\u0151rzik az anyag integrit\u00e1s\u00e1t.<\/p>\n\n\n\n<p>Ez a teljes k\u00f6r\u0171 \u00fatmutat\u00f3 mindent felt\u00e1r a Corten ac\u00e9l hegeszt\u00e9s\u00e9r\u0151l - az \u00f6sszet\u00e9tel\u00e9t\u0151l \u00e9s kih\u00edv\u00e1sait\u00f3l kezdve az aj\u00e1nlott technik\u00e1kig \u00e9s a hegeszt\u00e9s ut\u00e1ni kezel\u00e9sekig. Azt is elmagyar\u00e1zza, hogy az Corten+ rendszer haszn\u00e1lata mi\u00e9rt biztos\u00edt hossz\u00fa t\u00e1v\u00fa v\u00e9delmet \u00e9s hiteles eszt\u00e9tikus kivitelez\u00e9st az ac\u00e9l vesz\u00e9lyeztet\u00e9se n\u00e9lk\u00fcl.<\/p>\n\n\n\n<hr class=\"wp-block-separator has-alpha-channel-opacity\"\/>\n\n\n\n<h2 class=\"wp-block-heading\">A Corten ac\u00e9l \u00f6sszet\u00e9tel\u00e9nek \u00e9s viselked\u00e9s\u00e9nek meg\u00e9rt\u00e9se<\/h2>\n\n\n\n<p>A hegeszt\u00e9si technik\u00e1k felt\u00e1r\u00e1sa el\u0151tt fontos meg\u00e9rteni, hogy mi teszi a Corten ac\u00e9lt olyan egyediv\u00e9. A hagyom\u00e1nyos sz\u00e9nac\u00e9llal ellent\u00e9tben a Corten ac\u00e9l olyan \u00f6tv\u00f6z\u0151elemeket tartalmaz, amelyek lehet\u0151v\u00e9 teszik, hogy stabil oxid\u00e1ci\u00f3s v\u00e9d\u0151r\u00e9teget, \u00fagynevezett patin\u00e1t k\u00e9pezzen.<\/p>\n\n\n\n<p>A Corten ac\u00e9l f\u0151 \u00f6sszetev\u0151i a k\u00f6vetkez\u0151k:<\/p>\n\n\n\n<ul class=\"wp-block-list\">\n<li>Vas, amely az \u00f6tv\u00f6zet alapj\u00e1t k\u00e9pezi.<\/li>\n\n\n\n<li>R\u00e9z, amely n\u00f6veli a korr\u00f3zi\u00f3\u00e1ll\u00f3s\u00e1got \u00e9s a fel\u00fclet jellegzetes narancsbarna \u00e1rnyalat\u00e1t adja.<\/li>\n\n\n\n<li>Kr\u00f3m, amely el\u0151seg\u00edti a s\u0171r\u0171 \u00e9s tapad\u00f3 oxidr\u00e9teg kialakul\u00e1s\u00e1t.<\/li>\n\n\n\n<li>Nikkel, amely n\u00f6veli a szil\u00e1rds\u00e1got \u00e9s hozz\u00e1j\u00e1rul a patina egyenletess\u00e9g\u00e9hez.<\/li>\n\n\n\n<li>Foszfor, amely jav\u00edtja az oxidr\u00e9teg stabilit\u00e1s\u00e1t l\u00e9gk\u00f6ri k\u00f6r\u00fclm\u00e9nyek k\u00f6z\u00f6tt.<\/li>\n<\/ul>\n\n\n\n<p>Amikor ezek az elemek v\u00e1ltakoz\u00f3an nedves \u00e9s sz\u00e1raz k\u00f6rnyezetnek vannak kit\u00e9ve, az oxig\u00e9nnel \u00e9s a nedvess\u00e9ggel reakci\u00f3ba l\u00e9pve t\u00f6m\u00f6r rozsdar\u00e9teget k\u00e9peznek, amely megakad\u00e1lyozza a tov\u00e1bbi korr\u00f3zi\u00f3t. Ez a tulajdons\u00e1g adja a Corten ac\u00e9l tart\u00f3ss\u00e1g\u00e1t \u00e9s \u00f6nv\u00e9delm\u00e9t.<\/p>\n\n\n\n<p>A hegeszt\u00e9s azonban helyileg megv\u00e1ltoztatja a f\u00e9m \u00f6sszet\u00e9tel\u00e9t \u00e9s szerkezet\u00e9t. A hegeszt\u00e9si folyamat h\u0151je megv\u00e1ltoztatja az ac\u00e9l krist\u00e1lyszerkezet\u00e9t, \u00e9s befoly\u00e1solhatja a v\u00e9d\u0151elemek viselked\u00e9s\u00e9t. Ez\u00e9rt a Corten ac\u00e9l term\u00e9szetes ellen\u00e1ll\u00e1s\u00e1nak meg\u0151rz\u00e9s\u00e9hez elengedhetetlen annak meg\u00e9rt\u00e9se, hogy hogyan kell megfelel\u0151en hegeszteni a Corten ac\u00e9lt.<\/p>\n\n\n\n<hr class=\"wp-block-separator has-alpha-channel-opacity\"\/>\n\n\n\n<h2 class=\"wp-block-heading\">A Corten ac\u00e9l hegeszt\u00e9s\u00e9nek kih\u00edv\u00e1sai<\/h2>\n\n\n\n<p>A Corten ac\u00e9l hegeszt\u00e9se bizonyos kih\u00edv\u00e1sokat jelent, amelyek megk\u00fcl\u00f6nb\u00f6ztetik a k\u00f6z\u00f6ns\u00e9ges ac\u00e9lokt\u00f3l. Ezek a kih\u00edv\u00e1sok els\u0151sorban az \u00f6sszet\u00e9tel\u00e9vel \u00e9s a v\u00e9d\u0151r\u00e9teg tulajdons\u00e1gaival kapcsolatosak.<\/p>\n\n\n\n<p>Hegeszt\u00e9skor a h\u0151behat\u00e1ssal \u00e9rintett z\u00f3na (HAZ) mikroszerkezete megv\u00e1ltozik. A r\u00e9z, nikkel \u00e9s kr\u00f3m elemek, amelyek \u00e1ltal\u00e1ban a v\u00e9d\u0151 patin\u00e1t alkotj\u00e1k, egyenetlen\u00fcl oszlanak el. Ez a ter\u00fclet leh\u0171l\u00e9s ut\u00e1n nem biztos, hogy ugyan\u00fagy rozsd\u00e1sodik, mint az ac\u00e9l t\u00f6bbi r\u00e9sze. Ha nem megfelel\u0151en kezelik, ez l\u00e1that\u00f3 sz\u00ednk\u00fcl\u00f6nbs\u00e9geket, \u00e9s ami m\u00e9g fontosabb, a korr\u00f3zi\u00f3val szemben kev\u00e9sb\u00e9 ellen\u00e1ll\u00f3 ter\u00fcleteket eredm\u00e9nyezhet.<\/p>\n\n\n\n<p>Egy m\u00e1sik kih\u00edv\u00e1s a hegeszt\u00e9si z\u00f3n\u00e1ban a ridegs\u00e9g kock\u00e1zata. Mivel a Corten ac\u00e9l speci\u00e1lis \u00f6tv\u00f6z\u0151elemeket tartalmaz, a nem megfelel\u0151 t\u00f6lt\u0151anyagok vagy a helytelen technik\u00e1k haszn\u00e1lata reped\u00e9sekhez vezethet.<\/p>\n\n\n\n<p>V\u00e9g\u00fcl a hegeszt\u00e9s ut\u00e1ni oxid\u00e1ci\u00f3 \u00e9rz\u00e9keny l\u00e9p\u00e9s. A hegesztett ter\u00fcletet meg kell tiszt\u00edtani \u00e9s kezelni kell, hogy a patina egyenletesen alakuljon ki a teljes fel\u00fcleten. Ebben a szakaszban savas gyors\u00edt\u00f3k haszn\u00e1lata vesz\u00e9lyes, mivel ezek k\u00e1ros\u00edtj\u00e1k a f\u00e9met \u00e9s hossz\u00fa t\u00e1v\u00fa korr\u00f3zi\u00f3t okoznak. Ehelyett egy savmentes rendszer, mint p\u00e9ld\u00e1ul az Corten+, biztons\u00e1gos \u00e9s egyenletes fel\u00fcletet biztos\u00edt.<\/p>\n\n\n\n<hr class=\"wp-block-separator has-alpha-channel-opacity\"\/>\n\n\n\n<h2 class=\"wp-block-heading\">A megfelel\u0151 hegeszt\u00e9si technika kiv\u00e1laszt\u00e1sa<\/h2>\n\n\n\n<p>A Corten ac\u00e9lhoz t\u00f6bbf\u00e9le hegeszt\u00e9si m\u00f3dszer alkalmazhat\u00f3. A v\u00e1laszt\u00e1s az anyag vastags\u00e1g\u00e1t\u00f3l, a k\u00f6t\u00e9s t\u00edpus\u00e1t\u00f3l \u00e9s a rendelkez\u00e9sre \u00e1ll\u00f3 felszerel\u00e9st\u0151l f\u00fcgg. Mindegyik elj\u00e1r\u00e1snak megvannak az el\u0151nyei \u00e9s konkr\u00e9t aj\u00e1nl\u00e1sai.<\/p>\n\n\n\n<h3 class=\"wp-block-heading\">MIG hegeszt\u00e9s (f\u00e9m inert g\u00e1z)<\/h3>\n\n\n\n<p>A MIG-hegeszt\u00e9s az egyik legelterjedtebb m\u00f3dszer a Corten ac\u00e9lhoz, k\u00fcl\u00f6n\u00f6sen a k\u00f6zepes vastags\u00e1g\u00fa alkatr\u00e9szek eset\u00e9ben. Lehet\u0151v\u00e9 teszi a hegeszt\u00e9s pontos ellen\u0151rz\u00e9s\u00e9t, \u00e9s tiszta, egyenletes varratokat eredm\u00e9nyez.<\/p>\n\n\n\n<p>MIG-hegeszt\u00e9s eset\u00e9n a t\u00f6lt\u0151huzalt gondosan kell kiv\u00e1lasztani. L\u00e9nyeges, hogy kifejezetten id\u0151j\u00e1r\u00e1s\u00e1ll\u00f3 ac\u00e9lhoz tervezett huzalt haszn\u00e1ljunk, amelyet \u00e1ltal\u00e1ban ER80S-G vagy ER70C-6M n\u00e9ven azonos\u00edtanak. Ezek a huzalok a Corten ac\u00e9llal kompatibilis \u00f6tv\u00f6z\u0151elemeket tartalmaznak, \u00e9s biztos\u00edtj\u00e1k, hogy a hegeszt\u00e9s a szerkezet t\u00f6bbi r\u00e9sz\u00e9hez hasonl\u00f3 v\u00e9d\u0151 patin\u00e1t kapjon.<\/p>\n\n\n\n<p>A MIG-hegeszt\u00e9shez inert g\u00e1zok, p\u00e9ld\u00e1ul argon vagy argon \u00e9s CO\u2082 kever\u00e9ke sz\u00fcks\u00e9ges, hogy a folyamat sor\u00e1n megv\u00e9dj\u00e9k a hegeszt\u00e9si varratot az oxid\u00e1ci\u00f3t\u00f3l.<\/p>\n\n\n\n<h3 class=\"wp-block-heading\">TIG hegeszt\u00e9s (volfr\u00e1m inert g\u00e1z)<\/h3>\n\n\n\n<p>A TIG-hegeszt\u00e9st a v\u00e9kony lemezek \u00e9s a dekorat\u00edv alkalmaz\u00e1sok eset\u00e9ben el\u0151nyben r\u00e9szes\u00edtik, mivel kiv\u00e9teles pontoss\u00e1got \u00e9s vizu\u00e1lisan tiszta varratot biztos\u00edt. A MIG-hegeszt\u00e9shez hasonl\u00f3an a t\u00f6lt\u0151anyagnak meg kell felelnie a Corten ac\u00e9l \u00f6sszet\u00e9tel\u00e9nek. Hasonl\u00f3 \u00f6tv\u00f6z\u0151elemeket (r\u00e9z, nikkel \u00e9s kr\u00f3m) tartalmaz\u00f3, kompatibilis p\u00e1lc\u00e1t kell haszn\u00e1lni.<\/p>\n\n\n\n<p>A TIG-hegeszt\u00e9s szint\u00e9n v\u00e9d\u0151g\u00e1zzal, \u00e1ltal\u00e1ban tiszta argonnal t\u00f6rt\u00e9nik. B\u00e1r lassabb, mint a MIG, kiv\u00e1l\u00f3 ir\u00e1ny\u00edthat\u00f3s\u00e1got \u00e9s eszt\u00e9tikai min\u0151s\u00e9get biztos\u00edt, \u00edgy ide\u00e1lis l\u00e1that\u00f3 illeszt\u00e9sekhez vagy m\u0171v\u00e9szi darabokhoz.<\/p>\n\n\n\n<h3 class=\"wp-block-heading\">P\u00e1lc\u00e1s hegeszt\u00e9s (SMAW vagy k\u00e9zi \u00edvhegeszt\u00e9s)<\/h3>\n\n\n\n<p>A p\u00e1lc\u00e1s hegeszt\u00e9s sokoldal\u00fa \u00e9s sz\u00e9les k\u00f6rben haszn\u00e1lt technika, k\u00fcl\u00f6n\u00f6sen k\u00fclt\u00e9ri vagy szerkezeti alkalmaz\u00e1sokn\u00e1l. Alkalmas a Corten ac\u00e9l vastagabb szelv\u00e9nyeihez.<\/p>\n\n\n\n<p>Az id\u0151j\u00e1r\u00e1si tulajdons\u00e1gok meg\u0151rz\u00e9se \u00e9rdek\u00e9ben haszn\u00e1ljon speci\u00e1lis, Corten ac\u00e9lhoz tervezett elektr\u00f3d\u00e1kat, p\u00e9ld\u00e1ul E8018-W vagy E7018-W. Ezek az elektr\u00f3d\u00e1k az alapf\u00e9mhez hasonl\u00f3 \u00f6sszet\u00e9tel\u0171 hegeszt\u00e9si varratot hoznak l\u00e9tre, biztos\u00edtva az egyenletes korr\u00f3zi\u00f3\u00e1ll\u00f3s\u00e1got.<\/p>\n\n\n\n<p>A p\u00e1lc\u00e1s hegeszt\u00e9s tapasztalatot ig\u00e9nyel az \u00edvhossz szab\u00e1lyoz\u00e1s\u00e1hoz \u00e9s a porozit\u00e1s elker\u00fcl\u00e9s\u00e9hez. Mindazon\u00e1ltal tov\u00e1bbra is az egyik legpraktikusabb m\u00f3dszer a helysz\u00edni munk\u00e1khoz.<\/p>\n\n\n\n<h3 class=\"wp-block-heading\">Foly\u00f3t\u00f6lt\u00e9s\u0171 \u00edvhegeszt\u00e9s<\/h3>\n\n\n\n<p>A pork\u00f6zi hegeszt\u00e9s egyes\u00edti a MIG hegeszt\u00e9s sebess\u00e9g\u00e9t a p\u00e1lc\u00e1s hegeszt\u00e9s rugalmass\u00e1g\u00e1val. J\u00f3l alkalmazhat\u00f3 vastag Corten ac\u00e9lokhoz \u00e9s k\u00fclt\u00e9ri alkalmaz\u00e1sokhoz, ahol a sz\u00e9l vagy a p\u00e1ratartalom befoly\u00e1solhatja a g\u00e1z v\u00e9d\u0151burkolatot.<\/p>\n\n\n\n<p>A t\u00f6lt\u0151huzalnak ism\u00e9t id\u0151j\u00e1r\u00e1s\u00e1ll\u00f3 ac\u00e9llal kompatibilisnek kell lennie, jellemz\u0151en E71T1-W n\u00e9ven azonos\u00edtva. Ez biztos\u00edtja, hogy a hegeszt\u00e9si ter\u00fcleten ugyanaz a v\u00e9d\u0151 patina alakuljon ki, mint az alapac\u00e9lon.<\/p>\n\n\n\n<hr class=\"wp-block-separator has-alpha-channel-opacity\"\/>\n\n\n\n<h2 class=\"wp-block-heading\">Hegeszt\u00e9s el\u0151tti el\u0151k\u00e9sz\u00edt\u00e9s<\/h2>\n\n\n\n<p>A Corten-ac\u00e9lon a kiv\u00e1l\u00f3 min\u0151s\u00e9g\u0171 hegeszt\u00e9s el\u00e9r\u00e9s\u00e9hez elengedhetetlen az el\u0151k\u00e9sz\u00edt\u00e9s. B\u00e1rmilyen szennyez\u0151d\u00e9s, zs\u00edr vagy malomk\u0151 zavarja a hegeszt\u00e9si folyamatot, \u00e9s befoly\u00e1solja mind a behatol\u00e1st, mind a korr\u00f3zi\u00f3\u00e1ll\u00f3s\u00e1got.<\/p>\n\n\n\n<p>Hegeszt\u00e9s el\u0151tt a fel\u00fcletet mechanikai vagy k\u00e9miai m\u00f3dszerekkel meg kell tiszt\u00edtani. A melegen hengerelt Corten ac\u00e9l eset\u00e9ben \u00e1ltal\u00e1ban s\u00f6t\u00e9t malomk\u0151 tal\u00e1lhat\u00f3, amelyet el kell t\u00e1vol\u00edtani. A homokf\u00fav\u00e1s a leghat\u00e9konyabb m\u00f3dszer, mivel teljesen elt\u00e1vol\u00edtja a v\u00edzk\u0151zetet, \u00e9s enyh\u00e9n \u00e9rdes text\u00far\u00e1t hagy maga ut\u00e1n, ami el\u0151seg\u00edti a tapad\u00e1st.<\/p>\n\n\n\n<p>Ha a homokf\u00fav\u00e1s nem \u00e1ll rendelkez\u00e9sre, az Corten+ v\u00edzk\u0151old\u00f3 kiv\u00e1l\u00f3 alternat\u00edv\u00e1t k\u00edn\u00e1l. K\u00e9miai \u00faton elt\u00e1vol\u00edtja a malomk\u0151zetet a f\u00e9m k\u00e1ros\u00edt\u00e1sa n\u00e9lk\u00fcl. A felhord\u00e1s ut\u00e1n v\u00edzzel kell le\u00f6bl\u00edteni, hogy a fel\u00fclet t\u00f6k\u00e9letesen tiszta legyen.<\/p>\n\n\n\n<p>A hidegen hengerelt Corten-ac\u00e9lt viszont gyakran ipari zs\u00edrral vonj\u00e1k be a korai oxid\u00e1ci\u00f3 megakad\u00e1lyoz\u00e1sa \u00e9rdek\u00e9ben. Ez a zs\u00edr rendk\u00edv\u00fcl ellen\u00e1ll\u00f3, \u00e9s nem t\u00e1vol\u00edthat\u00f3 el a szok\u00e1sos zs\u00edrtalan\u00edt\u00f3szerekkel. Az Corten+ zs\u00edrtalan\u00edt\u00f3t kifejezetten erre a c\u00e9lra tervezt\u00e9k. M\u00e9g a legtart\u00f3sabb olajokat is feloldja, el\u0151k\u00e9sz\u00edtve a fel\u00fcletet a hegeszt\u00e9shez vagy oxid\u00e1l\u00e1shoz.<\/p>\n\n\n\n<p>A tisztas\u00e1g az er\u0151s, korr\u00f3zi\u00f3\u00e1ll\u00f3 hegeszt\u00e9sek alapja. Csak alapos tiszt\u00edt\u00e1s ut\u00e1n folytat\u00f3dhat a hegeszt\u00e9s a szennyez\u0151d\u00e9s vagy az egyenetlen oxid\u00e1ci\u00f3 kock\u00e1zata n\u00e9lk\u00fcl.<\/p>\n\n\n\n<hr class=\"wp-block-separator has-alpha-channel-opacity\"\/>\n\n\n\n<h2 class=\"wp-block-heading\">Hegeszt\u00e9s ut\u00e1ni kezel\u00e9s \u00e9s oxid\u00e1ci\u00f3<\/h2>\n\n\n\n<p>A hegeszt\u00e9si folyamat befejez\u00e9se ut\u00e1n az ac\u00e9lt \u00fajra meg kell tiszt\u00edtani, hogy elt\u00e1vol\u00edtsuk a hegeszt\u00e9sb\u0151l a salakot, oxid\u00e1ci\u00f3s maradv\u00e1nyokat vagy szennyez\u0151d\u00e9seket. Ez a l\u00e9p\u00e9s elengedhetetlen annak biztos\u00edt\u00e1s\u00e1hoz, hogy a v\u00e9d\u0151 patina egyenletesen alakuljon ki a hegesztett k\u00f6t\u00e9seken.<\/p>\n\n\n\n<p>A leggyakoribb hiba ebben a szakaszban az, hogy savas oldatokkal gyors\u00edtj\u00e1k a rozsd\u00e1sod\u00e1si folyamatot. B\u00e1r a savak gyors eredm\u00e9nyt adhatnak, megt\u00e1madj\u00e1k a Corten-ac\u00e9lban l\u00e9v\u0151 \u00f6tv\u00f6zeti elemeket - a rezet, a kr\u00f3mot \u00e9s a nikkelt -, amelyek elengedhetetlenek a v\u00e9d\u0151 patina kialak\u00edt\u00e1s\u00e1hoz. A sav a felsz\u00edn alatt tov\u00e1bb korrod\u00e1lja a f\u00e9met, ami bels\u0151 roml\u00e1shoz vezet.<\/p>\n\n\n\n<p>A savval kezelt hegeszt\u00e9si ter\u00fclet soha nem fogja ugyanazt a korr\u00f3zi\u00f3\u00e1ll\u00f3s\u00e1got kifejteni, mint a kezeletlen Corten ac\u00e9l. N\u00e9h\u00e1ny \u00e9ven bel\u00fcl perfor\u00e1ci\u00f3k, reped\u00e9sek \u00e9s elsz\u00ednez\u0151d\u00e9sek jelennek meg.<\/p>\n\n\n\n<p>E probl\u00e9m\u00e1k elker\u00fcl\u00e9se \u00e9rdek\u00e9ben az Corten+ rendszer savmentes oxid\u00e1ci\u00f3s folyamatot k\u00edn\u00e1l, amely az ac\u00e9l term\u00e9szetes id\u0151j\u00e1r\u00e1si folyamat\u00e1t az ac\u00e9l k\u00e1rosod\u00e1sa n\u00e9lk\u00fcl reproduk\u00e1lja.<\/p>\n\n\n\n<h3 class=\"wp-block-heading\">Az Corten+ rozsdagyors\u00edt\u00f3 haszn\u00e1lata<\/h3>\n\n\n\n<p>Az Corten+ rozsdagyors\u00edt\u00f3t hegeszt\u00e9s ut\u00e1n tiszta, sz\u00e1raz ac\u00e9lra kell felvinni. Aktiv\u00e1lja a term\u00e9szetes oxid\u00e1ci\u00f3s folyamatot egy k\u00e9miai reakci\u00f3 r\u00e9v\u00e9n, amely ut\u00e1nozza a term\u00e9szetes id\u0151j\u00e1r\u00e1si k\u00f6r\u00fclm\u00e9nyeket, de ellen\u0151rz\u00f6tt m\u00f3don.<\/p>\n\n\n\n<p>Az ac\u00e9l \u00f3r\u00e1kon bel\u00fcl elkezdi kifejleszteni jellegzetes narancss\u00e1rga sz\u00edn\u00e9t. A patina 24-48 \u00f3ra alatt egyenletes \u00e9s stabil lesz, sz\u00edne \u00e9s text\u00far\u00e1ja megegyezik a term\u00e9szetesen \u00f6regedett Corten ac\u00e9l\u00e9val.<\/p>\n\n\n\n<p>Mivel nem tartalmaz savat, az Corten+ rozsdagyors\u00edt\u00f3 nem k\u00e1ros\u00edtja a hegeszt\u00e9si varratot vagy a k\u00f6rnyez\u0151 f\u00e9met. A v\u00e9d\u0151r\u00e9teg kialakul\u00e1sa ut\u00e1n az oxid\u00e1ci\u00f3 term\u00e9szetes m\u00f3don le\u00e1ll, meg\u0151rizve az ac\u00e9l mechanikai \u00e9ps\u00e9g\u00e9t.<\/p>\n\n\n\n<h3 class=\"wp-block-heading\">A hegeszt\u00e9s v\u00e9delme az Corten+ t\u00f6m\u00edt\u0151anyaggal<\/h3>\n\n\n\n<p>Oxid\u00e1ci\u00f3 ut\u00e1n elengedhetetlen a hegeszt\u00e9si varrat \u00e9s az ac\u00e9l t\u00f6bbi r\u00e9sz\u00e9nek v\u00e9delme az Corten+ Sealerrel. Ez az \u00e1tl\u00e1tsz\u00f3 bevonat lez\u00e1rja a fel\u00fcletet, megakad\u00e1lyozza, hogy a v\u00edz behatoljon \u00e9s a rozsdar\u00e9szecsk\u00e9ket m\u00e1s ter\u00fcletekre sz\u00e1ll\u00edtsa.<\/p>\n\n\n\n<p>Megakad\u00e1lyozza tov\u00e1bb\u00e1 a k\u00f6rnyez\u0151 anyagokra, p\u00e9ld\u00e1ul betonra, k\u0151re vagy f\u00e1ra t\u00f6rt\u00e9n\u0151 foltok elfoly\u00e1s\u00e1t. Ezenk\u00edv\u00fcl a sz\u00ednt a k\u00edv\u00e1nt st\u00e1diumban r\u00f6gz\u00edti, megakad\u00e1lyozva, hogy a patina id\u0151vel t\u00falzottan s\u00f6t\u00e9tedjen.<\/p>\n\n\n\n<p>Az Corten+ t\u00f6m\u00edt\u0151anyag biztos\u00edtja, hogy a hegesztett ter\u00fcletek ugyanolyan tart\u00f3sak \u00e9s vizu\u00e1lisan harmonikusak maradnak, mint az ac\u00e9l t\u00f6bbi r\u00e9sze, m\u00e9g zord id\u0151j\u00e1r\u00e1si k\u00f6r\u00fclm\u00e9nyek k\u00f6z\u00f6tt is.<\/p>\n\n\n\n<hr class=\"wp-block-separator has-alpha-channel-opacity\"\/>\n\n\n\n<h2 class=\"wp-block-heading\">A megfelel\u0151 t\u00f6lt\u0151anyag haszn\u00e1lat\u00e1nak fontoss\u00e1ga<\/h2>\n\n\n\n<p>A megfelel\u0151 t\u00f6lt\u0151anyag haszn\u00e1lata a hegeszt\u00e9s sor\u00e1n alapvet\u0151 fontoss\u00e1g\u00fa mind a szil\u00e1rds\u00e1g, mind a korr\u00f3zi\u00f3\u00e1ll\u00f3s\u00e1g szempontj\u00e1b\u00f3l. A t\u00f6lt\u0151anyag \u00e9s az alapf\u00e9m k\u00f6z\u00f6tti elt\u00e9r\u00e9s gyenge pontot hoz l\u00e9tre, ahol a korr\u00f3zi\u00f3 megkezd\u0151dhet.<\/p>\n\n\n\n<p>A Corten ac\u00e9l eset\u00e9ben a t\u00f6lt\u0151anyag \u00f6sszet\u00e9tel\u00e9nek szorosan meg kell egyeznie az alapf\u00e9mmel, k\u00fcl\u00f6n\u00f6sen a r\u00e9z-, nikkel- \u00e9s kr\u00f3mtartalom tekintet\u00e9ben. Ez lehet\u0151v\u00e9 teszi, hogy a hegeszt\u00e9si varrat hasonl\u00f3 patin\u00e1t kapjon, amikor id\u0151j\u00e1r\u00e1si hat\u00e1soknak van kit\u00e9ve.<\/p>\n\n\n\n<p>Ha szabv\u00e1nyos sz\u00e9nac\u00e9l t\u00f6lt\u0151anyagot haszn\u00e1lnak, a hegeszt\u00e9s nem k\u00e9pez ugyanolyan v\u00e9d\u0151 oxidr\u00e9teget. Gyorsabban fog korrod\u00e1lni, \u00e9s a k\u00f6rnyez\u0151 ac\u00e9lhoz k\u00e9pest m\u00e1s sz\u00edn\u0171nek fog l\u00e1tszani. Ez nemcsak a vizu\u00e1lis egys\u00e9gess\u00e9get befoly\u00e1solja, hanem a szerkezet \u00e9lettartam\u00e1t is ler\u00f6vid\u00edti.<\/p>\n\n\n\n<p>Mindig ellen\u0151rizze a t\u00f6lt\u0151anyag specifik\u00e1ci\u00f3j\u00e1t, \u00e9s v\u00e1lasszon olyan anyagot, amelyet id\u0151j\u00e1r\u00e1s\u00e1ll\u00f3 ac\u00e9lhoz terveztek. A gy\u00e1rt\u00f3k \u00e1ltal\u00e1ban \u201cW\u201d ut\u00f3taggal jel\u00f6lik ezeket a term\u00e9keket, hogy jelezz\u00e9k a Corten ac\u00e9llal val\u00f3 kompatibilit\u00e1sukat.<\/p>\n\n\n\n<hr class=\"wp-block-separator has-alpha-channel-opacity\"\/>\n\n\n\n<h2 class=\"wp-block-heading\">A hegeszt\u00e9sek megjelen\u00e9s\u00e9nek ellen\u0151rz\u00e9se<\/h2>\n\n\n\n<p>A szil\u00e1rds\u00e1gon \u00e9s ellen\u00e1ll\u00e1son t\u00fal a hegeszt\u00e9s eszt\u00e9tikai min\u0151s\u00e9ge is fontos az \u00e9p\u00edt\u00e9szeti \u00e9s m\u0171v\u00e9szeti projektekn\u00e9l. A c\u00e9l annak biztos\u00edt\u00e1sa, hogy a hegeszt\u00e9si varratok az oxid\u00e1ci\u00f3 bek\u00f6vetkez\u00e9se ut\u00e1n z\u00f6kken\u0151mentesen illeszkedjenek a teljes fel\u00fcletbe.<\/p>\n\n\n\n<p>Hegeszt\u00e9s ut\u00e1n a csiszol\u00e1st \u00e9s a tiszt\u00edt\u00e1st gondosan kell elv\u00e9gezni, hogy a varratokat elsim\u00edtsuk an\u00e9lk\u00fcl, hogy az ac\u00e9l t\u00falzottan elv\u00e9konyodna. Az \u00e9les \u00e9leket \u00e9s a hegeszt\u00e9si permeteket el kell t\u00e1vol\u00edtani.<\/p>\n\n\n\n<p>Az Corten+ rozsdagyors\u00edt\u00f3 alkalmaz\u00e1sa ut\u00e1n a hegesztett ter\u00fclet ugyan\u00fagy oxid\u00e1l\u00f3dni kezd, mint az ac\u00e9l t\u00f6bbi r\u00e9sze. Mivel az Corten+ formula a term\u00e9szetes oxid\u00e1ci\u00f3s folyamatot aktiv\u00e1lja, nem pedig a fel\u00fcletet korrod\u00e1lja, a hegeszt\u00e9si varrat \u00e9s az alapf\u00e9m egys\u00e9ges megjelen\u00e9st kap.<\/p>\n\n\n\n<p>Ezt az egyenletess\u00e9get neh\u00e9z el\u00e9rni a savalap\u00fa kezel\u00e9sekkel, amelyek gyakran szab\u00e1lytalan sz\u00ednfoltokat hagynak maguk ut\u00e1n, \u00e9s felgyors\u00edtj\u00e1k a helyi korr\u00f3zi\u00f3t. A sav emellett m\u00e1sk\u00e9pp reag\u00e1l a hegesztett f\u00e9mmel, ami l\u00e1that\u00f3 elsz\u00ednez\u0151d\u00e9st okoz. Az Corten+-vel a patina egyenletesen alakul ki, ami professzion\u00e1lis \u00e9s term\u00e9szetes fel\u00fcletet eredm\u00e9nyez.<\/p>\n\n\n\n<hr class=\"wp-block-separator has-alpha-channel-opacity\"\/>\n\n\n\n<h2 class=\"wp-block-heading\">Biztons\u00e1gi \u00e9s k\u00f6rnyezetv\u00e9delmi megfontol\u00e1sok<\/h2>\n\n\n\n<p>A Corten-ac\u00e9lt gyakran haszn\u00e1lj\u00e1k k\u00fclt\u00e9ri vagy nyilv\u00e1nos l\u00e9tes\u00edtm\u00e9nyekben, ami a biztons\u00e1got \u00e9s a k\u00f6rnyezeti felel\u0151ss\u00e9gv\u00e1llal\u00e1st alapvet\u0151 fontoss\u00e1g\u00fav\u00e1 teszi. A hagyom\u00e1nyos savalap\u00fa kezel\u00e9sek k\u00e1ros g\u0151z\u00f6ket \u00e9s maradv\u00e1nyokat bocs\u00e1tanak ki, amelyek vesz\u00e9lyeztethetik a felhaszn\u00e1l\u00f3t \u00e9s a k\u00f6rnyezetet.<\/p>\n\n\n\n<p><a href=\"https:\/\/www.cortenplus.com\/hu\/products\/rust-accelerator\/\" data-type=\"link\" data-id=\"https:\/\/www.cortenplus.com\/products\/rust-accelerator\/\">Az Corten+ rozsdagyors\u00edt\u00f3 \u00e9s t\u00f6m\u00edt\u0151 teljesen savmentes \u00e9s nem m\u00e9rgez\u0151.<\/a> V\u00e9d\u0151felszerel\u00e9s vagy speci\u00e1lis szell\u0151ztet\u00e9s n\u00e9lk\u00fcl biztons\u00e1gosan haszn\u00e1lhat\u00f3ak belt\u00e9ren \u00e9s k\u00fclt\u00e9ren egyar\u00e1nt. Emellett nem hagynak olyan k\u00e1ros maradv\u00e1nyokat, amelyek szennyezhetn\u00e9k a talajt vagy a vizet.<\/p>\n\n\n\n<p>Az \u00e9rz\u00e9keny k\u00f6rnyezetben, p\u00e9ld\u00e1ul kertekben, parkokban vagy term\u00e9szetes v\u00edzforr\u00e1sok k\u00f6zel\u00e9ben megval\u00f3sul\u00f3 projektek eset\u00e9ben a savmentes rendszer haszn\u00e1lata nemcsak min\u0151s\u00e9gi, hanem k\u00f6rnyezetv\u00e9delmi etikai k\u00e9rd\u00e9s is.<\/p>\n\n\n\n<hr class=\"wp-block-separator has-alpha-channel-opacity\"\/>\n\n\n\n<h2 class=\"wp-block-heading\">Karbantart\u00e1s hegeszt\u00e9s ut\u00e1n<\/h2>\n\n\n\n<p>A hegeszt\u00e9s \u00e9s az oxid\u00e1ci\u00f3 befejez\u00e9se ut\u00e1n a Corten ac\u00e9l karbantart\u00e1sa egyszer\u0171, de sz\u00fcks\u00e9ges a hossz\u00fa \u00e9lettartam biztos\u00edt\u00e1sa \u00e9rdek\u00e9ben. A f\u0151 c\u00e9l a v\u00e9d\u0151 patina meg\u0151rz\u00e9se \u00e9s a nedvess\u00e9g vagy szennyez\u0151d\u00e9sek felhalmoz\u00f3d\u00e1s\u00e1nak megakad\u00e1lyoz\u00e1sa.<\/p>\n\n\n\n<p>Rendszeresen ellen\u0151rizze a hegesztett ter\u00fcleteket, hogy a t\u00f6m\u00edt\u0151anyag s\u00e9rtetlen maradjon. Ha kisebb karcol\u00e1sok vagy s\u00e9r\u00fcl\u00e9sek keletkeznek, azok k\u00f6nnyen kijav\u00edthat\u00f3k a ter\u00fclet megtiszt\u00edt\u00e1s\u00e1val \u00e9s az Corten+ Sealer \u00fajb\u00f3li felhord\u00e1s\u00e1val.<\/p>\n\n\n\n<p>Ker\u00fclje a s\u00farol\u00f3 hat\u00e1s\u00fa tiszt\u00edt\u00f3szerek vagy old\u00f3szerek haszn\u00e1lat\u00e1t, amelyek k\u00e1ros\u00edthatj\u00e1k a patin\u00e1t. A tiszt\u00edt\u00e1shoz \u00e1ltal\u00e1ban elegend\u0151 a v\u00edz \u00e9s egy puha kend\u0151.<\/p>\n\n\n\n<p>Ha a projekt er\u0151sen p\u00e1r\u00e1s vagy tengerparti k\u00f6rnyezetben tal\u00e1lhat\u00f3, a t\u00f6m\u00edt\u0151anyag n\u00e9h\u00e1ny \u00e9vente t\u00f6rt\u00e9n\u0151 \u00fajb\u00f3li alkalmaz\u00e1sa fenntartja az optim\u00e1lis v\u00e9delmet \u00e9s a sz\u00ednstabilit\u00e1st.<\/p>\n\n\n\n<hr class=\"wp-block-separator has-alpha-channel-opacity\"\/>\n\n\n\n<h2 class=\"wp-block-heading\">Mi\u00e9rt v\u00e1lassza az Corten+-t a hegeszt\u00e9s ut\u00e1ni kezel\u00e9shez?<\/h2>\n\n\n\n<p>Az Corten+ rendszer \u00e1tfog\u00f3, professzion\u00e1lis megold\u00e1st k\u00edn\u00e1l a Corten ac\u00e9l hegeszt\u00e9s ut\u00e1ni kezel\u00e9s\u00e9re. Biztos\u00edtja a term\u00e9szetes patina biztons\u00e1gos \u00e9s egyenletes kialakul\u00e1s\u00e1t, a savakkal j\u00e1r\u00f3 kock\u00e1zatok n\u00e9lk\u00fcl.<\/p>\n\n\n\n<p>A legfontosabb el\u0151ny\u00f6k a k\u00f6vetkez\u0151k:<\/p>\n\n\n\n<ul class=\"wp-block-list\">\n<li>100% savmentes \u00e9s korr\u00f3zi\u00f3mentes k\u00e9sz\u00edtm\u00e9ny.<\/li>\n\n\n\n<li>Biztons\u00e1gos a felhaszn\u00e1l\u00f3k \u00e9s a k\u00f6rnyezet sz\u00e1m\u00e1ra.<\/li>\n\n\n\n<li>Egys\u00e9ges, term\u00e9szetes oxid\u00e1ci\u00f3, amely illeszkedik az ac\u00e9l t\u00f6bbi r\u00e9sz\u00e9hez.<\/li>\n\n\n\n<li>Nincs sz\u00fcks\u00e9g semleges\u00edt\u00e9sre vagy \u00f6bl\u00edt\u00e9sre.<\/li>\n\n\n\n<li>Fokozott tart\u00f3ss\u00e1g a t\u00f6m\u00edt\u0151anyaggal val\u00f3 hossz\u00fa t\u00e1v\u00fa v\u00e9delem r\u00e9v\u00e9n.<\/li>\n<\/ul>\n\n\n\n<p>Ezzel szemben a savalap\u00fa term\u00e9kek tart\u00f3san megv\u00e1ltoztatj\u00e1k az ac\u00e9l szerkezet\u00e9t, szab\u00e1lytalan oxid\u00e1ci\u00f3t okoznak, \u00e9s dr\u00e1maian ler\u00f6vid\u00edtik az \u00e9lettartam\u00e1t. A savval kezelt fel\u00fclet els\u0151re rozsd\u00e1snak t\u0171nhet, de tov\u00e1bb korrod\u00e1l\u00f3dik, am\u00edg meg nem hib\u00e1sodik.<\/p>\n\n\n\n<p>Az Corten+ a f\u00e9m term\u00e9szetes k\u00e9mhat\u00e1s\u00e1nak tiszteletben tart\u00e1s\u00e1val biztos\u00edtja, hogy mind a hegesztett ter\u00fcletek, mind az eredeti ac\u00e9l \u00e9vtizedekig stabil \u00e9s tart\u00f3s maradjon.<\/p>\n\n\n\n<hr class=\"wp-block-separator has-alpha-channel-opacity\"\/>\n\n\n\n<h2 class=\"wp-block-heading\">K\u00f6vetkeztet\u00e9s<\/h2>\n\n\n\n<p>A Corten ac\u00e9l hegeszt\u00e9s\u00e9hez precizit\u00e1s, a megfelel\u0151 anyagok \u00e9s az egyedi \u00f6tv\u00f6zet viselked\u00e9s\u00e9nek meg\u00e9rt\u00e9se sz\u00fcks\u00e9ges. Megfelel\u0151 hegeszt\u00e9s eset\u00e9n a Corten ac\u00e9l meg\u0151rzi szil\u00e1rds\u00e1g\u00e1t, korr\u00f3zi\u00f3\u00e1ll\u00f3s\u00e1g\u00e1t \u00e9s eszt\u00e9tikai vonzerej\u00e9t.<\/p>\n\n\n\n<p>A hegeszt\u00e9si ter\u00fcletet azonban \u00f3vatosan kell kezelni. A hegeszt\u00e9s ut\u00e1ni rozsd\u00e1sod\u00e1s felgyors\u00edt\u00e1s\u00e1ra soha nem szabad savas alap\u00fa term\u00e9keket haszn\u00e1lni, mivel ezek t\u00f6nkreteszik a Corten ac\u00e9l ellen\u00e1ll\u00f3k\u00e9pess\u00e9g\u00e9t biztos\u00edt\u00f3 v\u00e9d\u0151elemeket. Ez id\u0151 el\u0151tti korr\u00f3zi\u00f3hoz, elsz\u00ednez\u0151d\u00e9shez \u00e9s szerkezeti gyenges\u00e9ghez vezet.<\/p>\n\n\n\n<p>Az Corten+ rendszer biztons\u00e1gos, savmentes alternat\u00edv\u00e1t k\u00edn\u00e1l, amely ellen\u0151rz\u00f6tt, gyors \u00e9s k\u00f6rnyezetbar\u00e1t m\u00f3don reproduk\u00e1lja a term\u00e9szetes oxid\u00e1ci\u00f3t. Lehet\u0151v\u00e9 teszi, hogy a hegesztett ter\u00fcletek z\u00f6kken\u0151mentesen illeszkedjenek az ac\u00e9l t\u00f6bbi r\u00e9sz\u00e9hez, mik\u00f6zben teljes korr\u00f3zi\u00f3\u00e1ll\u00f3s\u00e1got biztos\u00edt.<\/p>\n\n\n\n<p>A megfelel\u0151 hegeszt\u00e9si technik\u00e1k \u00e9s az Corten+ rozsdagyors\u00edt\u00f3 \u00e9s t\u00f6m\u00edt\u0151 kombin\u00e1l\u00e1s\u00e1val biztos\u00edthatja, hogy Corten ac\u00e9l projektjei - legyenek azok \u00e9p\u00edt\u00e9szeti, szerkezeti vagy m\u0171v\u00e9szeti projektek - egy \u00e9leten \u00e1t meg\u0151rizz\u00e9k integrit\u00e1sukat \u00e9s sz\u00e9ps\u00e9g\u00fcket.<\/p>\n\n\n\n<p>Az Corten+ term\u00e9kek, bele\u00e9rtve a v\u00edzk\u0151old\u00f3t, a zs\u00edrtalan\u00edt\u00f3t, a rozsdagyors\u00edt\u00f3t \u00e9s a t\u00f6m\u00edt\u0151anyagot, hivatalos weboldalunkon kaphat\u00f3k, gyors, vil\u00e1gm\u00e9ret\u0171 sz\u00e1ll\u00edt\u00e1ssal. Ezek jelentik a legbiztons\u00e1gosabb \u00e9s leghat\u00e9konyabb megold\u00e1st a Corten ac\u00e9l hegeszt\u00e9s el\u0151tti \u00e9s ut\u00e1ni el\u0151k\u00e9sz\u00edt\u00e9s\u00e9re, oxid\u00e1l\u00e1s\u00e1ra \u00e9s v\u00e9delm\u00e9re.<\/p>\n\n\n\n<p>Az Corten+-vel teljes bizalommal hegesztheti, rozsd\u00e1s\u00edthatja \u00e9s v\u00e9dheti Corten ac\u00e9lj\u00e1t - meg\u0151rizve annak eszt\u00e9tikai b\u00e1j\u00e1t \u00e9s legend\u00e1s tart\u00f3ss\u00e1g\u00e1t.<\/p>","protected":false},"excerpt":{"rendered":"<p>Corten steel, also known as weathering steel, is an extraordinary material appreciated for its rustic appearance and exceptional durability. Its warm, natural tones and ability to form a protective patina make it ideal for architectural structures, sculptures, and outdoor furniture. However, when it comes to welding, Corten steel requires particular care. Its unique composition affects [&hellip;]<\/p>\n","protected":false},"author":1,"featured_media":25007,"comment_status":"closed","ping_status":"open","sticky":false,"template":"","format":"standard","meta":{"_uag_custom_page_level_css":"","site-sidebar-layout":"default","site-content-layout":"","ast-site-content-layout":"default","site-content-style":"default","site-sidebar-style":"default","ast-global-header-display":"","ast-banner-title-visibility":"","ast-main-header-display":"","ast-hfb-above-header-display":"","ast-hfb-below-header-display":"","ast-hfb-mobile-header-display":"","site-post-title":"","ast-breadcrumbs-content":"","ast-featured-img":"","footer-sml-layout":"","ast-disable-related-posts":"","theme-transparent-header-meta":"","adv-header-id-meta":"","stick-header-meta":"","header-above-stick-meta":"","header-main-stick-meta":"","header-below-stick-meta":"","astra-migrate-meta-layouts":"set","ast-page-background-enabled":"default","ast-page-background-meta":{"desktop":{"background-color":"var(--ast-global-color-4)","background-image":"","background-repeat":"repeat","background-position":"center center","background-size":"auto","background-attachment":"scroll","background-type":"","background-media":"","overlay-type":"","overlay-color":"","overlay-opacity":"","overlay-gradient":""},"tablet":{"background-color":"","background-image":"","background-repeat":"repeat","background-position":"center center","background-size":"auto","background-attachment":"scroll","background-type":"","background-media":"","overlay-type":"","overlay-color":"","overlay-opacity":"","overlay-gradient":""},"mobile":{"background-color":"","background-image":"","background-repeat":"repeat","background-position":"center center","background-size":"auto","background-attachment":"scroll","background-type":"","background-media":"","overlay-type":"","overlay-color":"","overlay-opacity":"","overlay-gradient":""}},"ast-content-background-meta":{"desktop":{"background-color":"var(--ast-global-color-5)","background-image":"","background-repeat":"repeat","background-position":"center center","background-size":"auto","background-attachment":"scroll","background-type":"","background-media":"","overlay-type":"","overlay-color":"","overlay-opacity":"","overlay-gradient":""},"tablet":{"background-color":"var(--ast-global-color-5)","background-image":"","background-repeat":"repeat","background-position":"center center","background-size":"auto","background-attachment":"scroll","background-type":"","background-media":"","overlay-type":"","overlay-color":"","overlay-opacity":"","overlay-gradient":""},"mobile":{"background-color":"var(--ast-global-color-5)","background-image":"","background-repeat":"repeat","background-position":"center center","background-size":"auto","background-attachment":"scroll","background-type":"","background-media":"","overlay-type":"","overlay-color":"","overlay-opacity":"","overlay-gradient":""}},"footnotes":""},"categories":[1],"tags":[],"class_list":["post-25006","post","type-post","status-publish","format-standard","has-post-thumbnail","hentry","category-non-classe"],"spectra_custom_meta":{"_edit_lock":["1761804781:1"],"_thumbnail_id":["25007"],"_uag_custom_page_level_css":[""],"site-sidebar-layout":["default"],"site-content-layout":[""],"ast-site-content-layout":["default"],"site-content-style":["default"],"site-sidebar-style":["default"],"ast-global-header-display":[""],"ast-banner-title-visibility":[""],"ast-main-header-display":[""],"ast-hfb-above-header-display":[""],"ast-hfb-below-header-display":[""],"ast-hfb-mobile-header-display":[""],"site-post-title":[""],"ast-breadcrumbs-content":[""],"ast-featured-img":[""],"footer-sml-layout":[""],"theme-transparent-header-meta":[""],"adv-header-id-meta":[""],"stick-header-meta":[""],"header-above-stick-meta":[""],"header-main-stick-meta":[""],"header-below-stick-meta":[""],"astra-migrate-meta-layouts":["set"],"ast-page-background-enabled":["default"],"ast-page-background-meta":["a:3:{s:7:\"desktop\";a:12:{s:16:\"background-color\";s:25:\"var(--ast-global-color-4)\";s:16:\"background-image\";s:0:\"\";s:17:\"background-repeat\";s:6:\"repeat\";s:19:\"background-position\";s:13:\"center center\";s:15:\"background-size\";s:4:\"auto\";s:21:\"background-attachment\";s:6:\"scroll\";s:15:\"background-type\";s:0:\"\";s:16:\"background-media\";s:0:\"\";s:12:\"overlay-type\";s:0:\"\";s:13:\"overlay-color\";s:0:\"\";s:15:\"overlay-opacity\";s:0:\"\";s:16:\"overlay-gradient\";s:0:\"\";}s:6:\"tablet\";a:12:{s:16:\"background-color\";s:0:\"\";s:16:\"background-image\";s:0:\"\";s:17:\"background-repeat\";s:6:\"repeat\";s:19:\"background-position\";s:13:\"center center\";s:15:\"background-size\";s:4:\"auto\";s:21:\"background-attachment\";s:6:\"scroll\";s:15:\"background-type\";s:0:\"\";s:16:\"background-media\";s:0:\"\";s:12:\"overlay-type\";s:0:\"\";s:13:\"overlay-color\";s:0:\"\";s:15:\"overlay-opacity\";s:0:\"\";s:16:\"overlay-gradient\";s:0:\"\";}s:6:\"mobile\";a:12:{s:16:\"background-color\";s:0:\"\";s:16:\"background-image\";s:0:\"\";s:17:\"background-repeat\";s:6:\"repeat\";s:19:\"background-position\";s:13:\"center center\";s:15:\"background-size\";s:4:\"auto\";s:21:\"background-attachment\";s:6:\"scroll\";s:15:\"background-type\";s:0:\"\";s:16:\"background-media\";s:0:\"\";s:12:\"overlay-type\";s:0:\"\";s:13:\"overlay-color\";s:0:\"\";s:15:\"overlay-opacity\";s:0:\"\";s:16:\"overlay-gradient\";s:0:\"\";}}"],"ast-content-background-meta":["a:3:{s:7:\"desktop\";a:12:{s:16:\"background-color\";s:25:\"var(--ast-global-color-5)\";s:16:\"background-image\";s:0:\"\";s:17:\"background-repeat\";s:6:\"repeat\";s:19:\"background-position\";s:13:\"center center\";s:15:\"background-size\";s:4:\"auto\";s:21:\"background-attachment\";s:6:\"scroll\";s:15:\"background-type\";s:0:\"\";s:16:\"background-media\";s:0:\"\";s:12:\"overlay-type\";s:0:\"\";s:13:\"overlay-color\";s:0:\"\";s:15:\"overlay-opacity\";s:0:\"\";s:16:\"overlay-gradient\";s:0:\"\";}s:6:\"tablet\";a:12:{s:16:\"background-color\";s:25:\"var(--ast-global-color-5)\";s:16:\"background-image\";s:0:\"\";s:17:\"background-repeat\";s:6:\"repeat\";s:19:\"background-position\";s:13:\"center center\";s:15:\"background-size\";s:4:\"auto\";s:21:\"background-attachment\";s:6:\"scroll\";s:15:\"background-type\";s:0:\"\";s:16:\"background-media\";s:0:\"\";s:12:\"overlay-type\";s:0:\"\";s:13:\"overlay-color\";s:0:\"\";s:15:\"overlay-opacity\";s:0:\"\";s:16:\"overlay-gradient\";s:0:\"\";}s:6:\"mobile\";a:12:{s:16:\"background-color\";s:25:\"var(--ast-global-color-5)\";s:16:\"background-image\";s:0:\"\";s:17:\"background-repeat\";s:6:\"repeat\";s:19:\"background-position\";s:13:\"center center\";s:15:\"background-size\";s:4:\"auto\";s:21:\"background-attachment\";s:6:\"scroll\";s:15:\"background-type\";s:0:\"\";s:16:\"background-media\";s:0:\"\";s:12:\"overlay-type\";s:0:\"\";s:13:\"overlay-color\";s:0:\"\";s:15:\"overlay-opacity\";s:0:\"\";s:16:\"overlay-gradient\";s:0:\"\";}}"],"footnotes":[""],"_elementor_edit_mode":[""],"_elementor_template_type":[""],"_elementor_data":[""],"_elementor_conditions":["a:0:{}"],"_edit_last":["1"],"_uag_css_file_name":["uag-css-25006.css"],"_uagb_previous_block_counts":["a:90:{s:21:\"uagb\/advanced-heading\";i:0;s:15:\"uagb\/blockquote\";i:0;s:12:\"uagb\/buttons\";i:0;s:18:\"uagb\/buttons-child\";i:0;s:19:\"uagb\/call-to-action\";i:0;s:15:\"uagb\/cf7-styler\";i:0;s:11:\"uagb\/column\";i:0;s:12:\"uagb\/columns\";i:0;s:14:\"uagb\/container\";i:0;s:21:\"uagb\/content-timeline\";i:0;s:27:\"uagb\/content-timeline-child\";i:0;s:14:\"uagb\/countdown\";i:0;s:12:\"uagb\/counter\";i:0;s:8:\"uagb\/faq\";i:0;s:14:\"uagb\/faq-child\";i:0;s:10:\"uagb\/forms\";i:0;s:17:\"uagb\/forms-accept\";i:0;s:19:\"uagb\/forms-checkbox\";i:0;s:15:\"uagb\/forms-date\";i:0;s:16:\"uagb\/forms-email\";i:0;s:17:\"uagb\/forms-hidden\";i:0;s:15:\"uagb\/forms-name\";i:0;s:16:\"uagb\/forms-phone\";i:0;s:16:\"uagb\/forms-radio\";i:0;s:17:\"uagb\/forms-select\";i:0;s:19:\"uagb\/forms-textarea\";i:0;s:17:\"uagb\/forms-toggle\";i:0;s:14:\"uagb\/forms-url\";i:0;s:14:\"uagb\/gf-styler\";i:0;s:15:\"uagb\/google-map\";i:0;s:11:\"uagb\/how-to\";i:0;s:16:\"uagb\/how-to-step\";i:0;s:9:\"uagb\/icon\";i:0;s:14:\"uagb\/icon-list\";i:0;s:20:\"uagb\/icon-list-child\";i:0;s:10:\"uagb\/image\";i:0;s:18:\"uagb\/image-gallery\";i:0;s:13:\"uagb\/info-box\";i:0;s:18:\"uagb\/inline-notice\";i:0;s:11:\"uagb\/lottie\";i:0;s:21:\"uagb\/marketing-button\";i:0;s:10:\"uagb\/modal\";i:0;s:18:\"uagb\/popup-builder\";i:0;s:16:\"uagb\/post-button\";i:0;s:18:\"uagb\/post-carousel\";i:0;s:17:\"uagb\/post-excerpt\";i:0;s:14:\"uagb\/post-grid\";i:0;s:15:\"uagb\/post-image\";i:0;s:17:\"uagb\/post-masonry\";i:0;s:14:\"uagb\/post-meta\";i:0;s:18:\"uagb\/post-taxonomy\";i:0;s:18:\"uagb\/post-timeline\";i:0;s:15:\"uagb\/post-title\";i:0;s:20:\"uagb\/restaurant-menu\";i:0;s:26:\"uagb\/restaurant-menu-child\";i:0;s:11:\"uagb\/review\";i:0;s:12:\"uagb\/section\";i:0;s:14:\"uagb\/separator\";i:0;s:11:\"uagb\/slider\";i:0;s:17:\"uagb\/slider-child\";i:0;s:17:\"uagb\/social-share\";i:0;s:23:\"uagb\/social-share-child\";i:0;s:16:\"uagb\/star-rating\";i:0;s:23:\"uagb\/sure-cart-checkout\";i:0;s:22:\"uagb\/sure-cart-product\";i:0;s:15:\"uagb\/sure-forms\";i:0;s:22:\"uagb\/table-of-contents\";i:0;s:9:\"uagb\/tabs\";i:0;s:15:\"uagb\/tabs-child\";i:0;s:18:\"uagb\/taxonomy-list\";i:0;s:9:\"uagb\/team\";i:0;s:16:\"uagb\/testimonial\";i:0;s:14:\"uagb\/wp-search\";i:0;s:19:\"uagb\/instagram-feed\";i:0;s:10:\"uagb\/login\";i:0;s:17:\"uagb\/loop-builder\";i:0;s:18:\"uagb\/loop-category\";i:0;s:20:\"uagb\/loop-pagination\";i:0;s:15:\"uagb\/loop-reset\";i:0;s:16:\"uagb\/loop-search\";i:0;s:14:\"uagb\/loop-sort\";i:0;s:17:\"uagb\/loop-wrapper\";i:0;s:13:\"uagb\/register\";i:0;s:19:\"uagb\/register-email\";i:0;s:24:\"uagb\/register-first-name\";i:0;s:23:\"uagb\/register-last-name\";i:0;s:22:\"uagb\/register-password\";i:0;s:30:\"uagb\/register-reenter-password\";i:0;s:19:\"uagb\/register-terms\";i:0;s:22:\"uagb\/register-username\";i:0;}"],"_uag_page_assets":["a:9:{s:3:\"css\";s:7133:\".uag-blocks-common-selector{z-index:var(--z-index-desktop) !important}@media(max-width: 976px){.uag-blocks-common-selector{z-index:var(--z-index-tablet) !important}}@media(max-width: 767px){.uag-blocks-common-selector{z-index:var(--z-index-mobile) !important}}.wp-block-uagb-image{display:flex}.wp-block-uagb-image__figure{position:relative;display:flex;flex-direction:column;max-width:100%;height:auto;margin:0}.wp-block-uagb-image__figure img{height:auto;display:flex;max-width:100%;transition:box-shadow .2s ease}.wp-block-uagb-image__figure>a{display:inline-block}.wp-block-uagb-image__figure figcaption{text-align:center;margin-top:.5em;margin-bottom:1em}.wp-block-uagb-image .components-placeholder.block-editor-media-placeholder .components-placeholder__instructions{align-self:center}.wp-block-uagb-image--align-left{text-align:left}.wp-block-uagb-image--align-right{text-align:right}.wp-block-uagb-image--align-center{text-align:center}.wp-block-uagb-image--align-full .wp-block-uagb-image__figure{margin-left:calc(50% - 50vw);margin-right:calc(50% - 50vw);max-width:100vw;width:100vw;height:auto}.wp-block-uagb-image--align-full .wp-block-uagb-image__figure img{height:auto;width:100% !important}.wp-block-uagb-image--align-wide .wp-block-uagb-image__figure img{height:auto;width:100%}.wp-block-uagb-image--layout-overlay__color-wrapper{position:absolute;left:0;top:0;right:0;bottom:0;opacity:.2;background:rgba(0,0,0,.5);transition:opacity .35s ease-in-out}.wp-block-uagb-image--layout-overlay-link{position:absolute;left:0;right:0;bottom:0;top:0}.wp-block-uagb-image--layout-overlay .wp-block-uagb-image__figure:hover .wp-block-uagb-image--layout-overlay__color-wrapper{opacity:1}.wp-block-uagb-image--layout-overlay__inner{position:absolute;left:15px;right:15px;bottom:15px;top:15px;display:flex;align-items:center;justify-content:center;flex-direction:column;border-color:#fff;transition:.35s ease-in-out}.wp-block-uagb-image--layout-overlay__inner.top-left,.wp-block-uagb-image--layout-overlay__inner.top-center,.wp-block-uagb-image--layout-overlay__inner.top-right{justify-content:flex-start}.wp-block-uagb-image--layout-overlay__inner.bottom-left,.wp-block-uagb-image--layout-overlay__inner.bottom-center,.wp-block-uagb-image--layout-overlay__inner.bottom-right{justify-content:flex-end}.wp-block-uagb-image--layout-overlay__inner.top-left,.wp-block-uagb-image--layout-overlay__inner.center-left,.wp-block-uagb-image--layout-overlay__inner.bottom-left{align-items:flex-start}.wp-block-uagb-image--layout-overlay__inner.top-right,.wp-block-uagb-image--layout-overlay__inner.center-right,.wp-block-uagb-image--layout-overlay__inner.bottom-right{align-items:flex-end}.wp-block-uagb-image--layout-overlay__inner .uagb-image-heading{color:#fff;transition:transform .35s,opacity .35s ease-in-out;transform:translate3d(0, 24px, 0);margin:0;line-height:1em}.wp-block-uagb-image--layout-overlay__inner .uagb-image-separator{width:30%;border-top-width:2px;border-top-color:#fff;border-top-style:solid;margin-bottom:10px;opacity:0;transition:transform .4s,opacity .4s ease-in-out;transform:translate3d(0, 30px, 0)}.wp-block-uagb-image--layout-overlay__inner .uagb-image-caption{opacity:0;overflow:visible;color:#fff;transition:transform .45s,opacity .45s ease-in-out;transform:translate3d(0, 35px, 0)}.wp-block-uagb-image--layout-overlay__inner:hover .uagb-image-heading,.wp-block-uagb-image--layout-overlay__inner:hover .uagb-image-separator,.wp-block-uagb-image--layout-overlay__inner:hover .uagb-image-caption{opacity:1;transform:translate3d(0, 0, 0)}.wp-block-uagb-image--effect-zoomin .wp-block-uagb-image__figure img,.wp-block-uagb-image--effect-zoomin .wp-block-uagb-image__figure .wp-block-uagb-image--layout-overlay__color-wrapper{transform:scale(1);transition:transform .35s ease-in-out}.wp-block-uagb-image--effect-zoomin .wp-block-uagb-image__figure:hover img,.wp-block-uagb-image--effect-zoomin .wp-block-uagb-image__figure:hover .wp-block-uagb-image--layout-overlay__color-wrapper{transform:scale(1.05)}.wp-block-uagb-image--effect-slide .wp-block-uagb-image__figure img,.wp-block-uagb-image--effect-slide .wp-block-uagb-image__figure .wp-block-uagb-image--layout-overlay__color-wrapper{width:calc(100% + 40px) !important;max-width:none !important;transform:translate3d(-40px, 0, 0);transition:transform .35s ease-in-out}.wp-block-uagb-image--effect-slide .wp-block-uagb-image__figure:hover img,.wp-block-uagb-image--effect-slide .wp-block-uagb-image__figure:hover .wp-block-uagb-image--layout-overlay__color-wrapper{transform:translate3d(0, 0, 0)}.wp-block-uagb-image--effect-grayscale img{filter:grayscale(0%);transition:.35s ease-in-out}.wp-block-uagb-image--effect-grayscale:hover img{filter:grayscale(100%)}.wp-block-uagb-image--effect-blur img{filter:blur(0);transition:.35s ease-in-out}.wp-block-uagb-image--effect-blur:hover img{filter:blur(3px)}.uagb-block-e6f939b3.wp-block-uagb-image--layout-default figure img{box-shadow: 0px 0px 0 #00000070;}.uagb-block-e6f939b3.wp-block-uagb-image .wp-block-uagb-image__figure figcaption{font-style: normal;align-self: center;}.uagb-block-e6f939b3.wp-block-uagb-image--layout-overlay figure img{box-shadow: 0px 0px 0 #00000070;}.uagb-block-e6f939b3.wp-block-uagb-image--layout-overlay .wp-block-uagb-image--layout-overlay__color-wrapper{opacity: 0.2;}.uagb-block-e6f939b3.wp-block-uagb-image--layout-overlay .wp-block-uagb-image--layout-overlay__inner{left: 15px;right: 15px;top: 15px;bottom: 15px;}.uagb-block-e6f939b3.wp-block-uagb-image--layout-overlay .wp-block-uagb-image--layout-overlay__inner .uagb-image-heading{font-style: normal;color: #fff;opacity: 1;}.uagb-block-e6f939b3.wp-block-uagb-image--layout-overlay .wp-block-uagb-image--layout-overlay__inner .uagb-image-heading a{color: #fff;}.uagb-block-e6f939b3.wp-block-uagb-image--layout-overlay .wp-block-uagb-image--layout-overlay__inner .uagb-image-caption{opacity: 0;}.uagb-block-e6f939b3.wp-block-uagb-image--layout-overlay .wp-block-uagb-image__figure:hover .wp-block-uagb-image--layout-overlay__color-wrapper{opacity: 1;}.uagb-block-e6f939b3.wp-block-uagb-image .wp-block-uagb-image--layout-overlay__inner .uagb-image-separator{width: 30%;border-top-width: 2px;border-top-color: #fff;opacity: 0;}.uagb-block-e6f939b3.wp-block-uagb-image .wp-block-uagb-image__figure img{width: px;height: auto;}.uagb-block-e6f939b3.wp-block-uagb-image .wp-block-uagb-image__figure:hover .wp-block-uagb-image--layout-overlay__inner .uagb-image-caption{opacity: 1;}.uagb-block-e6f939b3.wp-block-uagb-image .wp-block-uagb-image__figure:hover .wp-block-uagb-image--layout-overlay__inner .uagb-image-separator{opacity: 1;}.uagb-block-e6f939b3.wp-block-uagb-image--layout-default figure:hover img{box-shadow: 0px 0px 0 #00000070;}.uagb-block-e6f939b3.wp-block-uagb-image--layout-overlay figure:hover img{box-shadow: 0px 0px 0 #00000070;}@media only screen and (max-width: 976px) {.uagb-block-e6f939b3.wp-block-uagb-image .wp-block-uagb-image__figure img{width: px;height: auto;}}@media only screen and (max-width: 767px) {.uagb-block-e6f939b3.wp-block-uagb-image .wp-block-uagb-image__figure img{width: px;height: auto;}}\";s:2:\"js\";s:0:\"\";s:18:\"current_block_list\";a:16:{i:0;s:14:\"core\/paragraph\";i:1;s:14:\"core\/separator\";i:2;s:12:\"core\/heading\";i:3;s:9:\"core\/list\";i:4;s:14:\"core\/list-item\";i:5;s:11:\"core\/search\";i:6;s:10:\"core\/group\";i:7;s:17:\"core\/latest-posts\";i:8;s:20:\"core\/latest-comments\";i:9;s:13:\"core\/archives\";i:10;s:15:\"core\/categories\";i:11;s:10:\"uagb\/image\";i:12;s:11:\"core\/spacer\";i:13;s:30:\"woocommerce\/product-categories\";i:14;s:10:\"core\/image\";i:15;s:14:\"core\/shortcode\";}s:8:\"uag_flag\";b:1;s:11:\"uag_version\";s:10:\"1777546635\";s:6:\"gfonts\";a:0:{}s:10:\"gfonts_url\";s:0:\"\";s:12:\"gfonts_files\";a:0:{}s:14:\"uag_faq_layout\";b:0;}"]},"uagb_featured_image_src":{"full":["https:\/\/www.cortenplus.com\/wp-content\/uploads\/2025\/10\/g06d2ab570e52631b33bd5dfb7d3f3652cdbfba5968b30d55c0ec068017b27d619228f77a2a3462c08bd427983e0dad7eaab45c7842dd10f5c68dc3ea30c99846_1280-2378668.jpg",1280,900,false],"thumbnail":["https:\/\/www.cortenplus.com\/wp-content\/uploads\/2025\/10\/g06d2ab570e52631b33bd5dfb7d3f3652cdbfba5968b30d55c0ec068017b27d619228f77a2a3462c08bd427983e0dad7eaab45c7842dd10f5c68dc3ea30c99846_1280-2378668-150x150.jpg",150,150,true],"medium":["https:\/\/www.cortenplus.com\/wp-content\/uploads\/2025\/10\/g06d2ab570e52631b33bd5dfb7d3f3652cdbfba5968b30d55c0ec068017b27d619228f77a2a3462c08bd427983e0dad7eaab45c7842dd10f5c68dc3ea30c99846_1280-2378668-300x211.jpg",300,211,true],"medium_large":["https:\/\/www.cortenplus.com\/wp-content\/uploads\/2025\/10\/g06d2ab570e52631b33bd5dfb7d3f3652cdbfba5968b30d55c0ec068017b27d619228f77a2a3462c08bd427983e0dad7eaab45c7842dd10f5c68dc3ea30c99846_1280-2378668-768x540.jpg",768,540,true],"large":["https:\/\/www.cortenplus.com\/wp-content\/uploads\/2025\/10\/g06d2ab570e52631b33bd5dfb7d3f3652cdbfba5968b30d55c0ec068017b27d619228f77a2a3462c08bd427983e0dad7eaab45c7842dd10f5c68dc3ea30c99846_1280-2378668-1024x720.jpg",1024,720,true],"1536x1536":["https:\/\/www.cortenplus.com\/wp-content\/uploads\/2025\/10\/g06d2ab570e52631b33bd5dfb7d3f3652cdbfba5968b30d55c0ec068017b27d619228f77a2a3462c08bd427983e0dad7eaab45c7842dd10f5c68dc3ea30c99846_1280-2378668.jpg",1280,900,false],"2048x2048":["https:\/\/www.cortenplus.com\/wp-content\/uploads\/2025\/10\/g06d2ab570e52631b33bd5dfb7d3f3652cdbfba5968b30d55c0ec068017b27d619228f77a2a3462c08bd427983e0dad7eaab45c7842dd10f5c68dc3ea30c99846_1280-2378668.jpg",1280,900,false],"trp-custom-language-flag":["https:\/\/www.cortenplus.com\/wp-content\/uploads\/2025\/10\/g06d2ab570e52631b33bd5dfb7d3f3652cdbfba5968b30d55c0ec068017b27d619228f77a2a3462c08bd427983e0dad7eaab45c7842dd10f5c68dc3ea30c99846_1280-2378668-18x12.jpg",18,12,true],"woocommerce_thumbnail":["https:\/\/www.cortenplus.com\/wp-content\/uploads\/2025\/10\/g06d2ab570e52631b33bd5dfb7d3f3652cdbfba5968b30d55c0ec068017b27d619228f77a2a3462c08bd427983e0dad7eaab45c7842dd10f5c68dc3ea30c99846_1280-2378668-300x300.jpg",300,300,true],"woocommerce_single":["https:\/\/www.cortenplus.com\/wp-content\/uploads\/2025\/10\/g06d2ab570e52631b33bd5dfb7d3f3652cdbfba5968b30d55c0ec068017b27d619228f77a2a3462c08bd427983e0dad7eaab45c7842dd10f5c68dc3ea30c99846_1280-2378668-600x422.jpg",600,422,true],"woocommerce_gallery_thumbnail":["https:\/\/www.cortenplus.com\/wp-content\/uploads\/2025\/10\/g06d2ab570e52631b33bd5dfb7d3f3652cdbfba5968b30d55c0ec068017b27d619228f77a2a3462c08bd427983e0dad7eaab45c7842dd10f5c68dc3ea30c99846_1280-2378668-100x100.jpg",100,100,true]},"uagb_author_info":{"display_name":"admin","author_link":"https:\/\/www.cortenplus.com\/hu\/author\/admin2721\/"},"uagb_comment_info":0,"uagb_excerpt":"Corten steel, also known as weathering steel, is an extraordinary material appreciated for its rustic appearance and exceptional durability. Its warm, natural tones and ability to form a protective patina make it ideal for architectural structures, sculptures, and outdoor furniture. However, when it comes to welding, Corten steel requires particular care. Its unique composition affects&hellip;","_links":{"self":[{"href":"https:\/\/www.cortenplus.com\/hu\/wp-json\/wp\/v2\/posts\/25006","targetHints":{"allow":["GET"]}}],"collection":[{"href":"https:\/\/www.cortenplus.com\/hu\/wp-json\/wp\/v2\/posts"}],"about":[{"href":"https:\/\/www.cortenplus.com\/hu\/wp-json\/wp\/v2\/types\/post"}],"author":[{"embeddable":true,"href":"https:\/\/www.cortenplus.com\/hu\/wp-json\/wp\/v2\/users\/1"}],"replies":[{"embeddable":true,"href":"https:\/\/www.cortenplus.com\/hu\/wp-json\/wp\/v2\/comments?post=25006"}],"version-history":[{"count":2,"href":"https:\/\/www.cortenplus.com\/hu\/wp-json\/wp\/v2\/posts\/25006\/revisions"}],"predecessor-version":[{"id":25033,"href":"https:\/\/www.cortenplus.com\/hu\/wp-json\/wp\/v2\/posts\/25006\/revisions\/25033"}],"wp:featuredmedia":[{"embeddable":true,"href":"https:\/\/www.cortenplus.com\/hu\/wp-json\/wp\/v2\/media\/25007"}],"wp:attachment":[{"href":"https:\/\/www.cortenplus.com\/hu\/wp-json\/wp\/v2\/media?parent=25006"}],"wp:term":[{"taxonomy":"category","embeddable":true,"href":"https:\/\/www.cortenplus.com\/hu\/wp-json\/wp\/v2\/categories?post=25006"},{"taxonomy":"post_tag","embeddable":true,"href":"https:\/\/www.cortenplus.com\/hu\/wp-json\/wp\/v2\/tags?post=25006"}],"curies":[{"name":"wp","href":"https:\/\/api.w.org\/{rel}","templated":true}]}}