{"id":24994,"date":"2025-10-29T08:31:54","date_gmt":"2025-10-29T07:31:54","guid":{"rendered":"https:\/\/www.cortenplus.com\/?p=24994"},"modified":"2025-10-30T07:22:24","modified_gmt":"2025-10-30T06:22:24","slug":"how-to-accelerate-rust-on-corten-steel","status":"publish","type":"post","link":"https:\/\/www.cortenplus.com\/hu\/how-to-accelerate-rust-on-corten-steel\/","title":{"rendered":"Hogyan lehet felgyors\u00edtani a rozsd\u00e1t a Corten ac\u00e9lon?"},"content":{"rendered":"<p>A Corten ac\u00e9l, m\u00e1s n\u00e9ven id\u0151j\u00e1r\u00e1s\u00e1ll\u00f3 ac\u00e9l, az egyik legleny\u0171g\u00f6z\u0151bb anyag, amelyet a modern tervez\u00e9sben, kert\u00e9p\u00edt\u00e9sben \u00e9s \u00e9p\u00edt\u00e9szetben haszn\u00e1lnak. Jellegzetes rozsd\u00e1s sz\u00edne autentikus, term\u00e9szetes \u00e9s ipari jelleget k\u00f6lcs\u00f6n\u00f6z minden projektnek - a szobrokt\u00f3l \u00e9s kerti \u00fcltetv\u00e9nyekt\u0151l kezdve az \u00e9p\u00fcletek homlokzat\u00e1n \u00e1t a k\u00fclt\u00e9ri b\u00fatorokig.<\/p>\n\n\n\n<p>Egy k\u00e9rd\u00e9s azonban \u00fajra \u00e9s \u00fajra felmer\u00fcl: hogyan lehet a Corten ac\u00e9l rozsd\u00e1sod\u00e1s\u00e1t biztons\u00e1gos, ellen\u0151rz\u00f6tt \u00e9s hat\u00e9kony m\u00f3don felgyors\u00edtani?<\/p>\n\n\n\n<p>Ebben az \u00e1tfog\u00f3 \u00fatmutat\u00f3ban felt\u00e1rjuk, hogyan alakul ki a rozsda term\u00e9szetes m\u00f3don a Corten ac\u00e9lon, mi\u00e9rt nem mindig ide\u00e1lis megv\u00e1rni, am\u00edg a term\u00e9szet el\u00e9ri a maga \u00fatj\u00e1t, \u00e9s hogyan lehet a professzion\u00e1lis Corten+ m\u00f3dszerrel t\u00f6k\u00e9letes rozsd\u00e1sod\u00e1st el\u00e9rni - biztons\u00e1gosan, sav n\u00e9lk\u00fcl, mind\u00f6ssze n\u00e9h\u00e1ny \u00f3ra alatt.<\/p>\n\n\n\n<hr class=\"wp-block-separator has-alpha-channel-opacity\"\/>\n\n\n\n<h2 class=\"wp-block-heading\"><strong>Mi a Corten ac\u00e9l \u00e9s mi\u00e9rt rozsd\u00e1sodik m\u00e1sk\u00e9pp?<\/strong><\/h2>\n\n\n\n<p>Ahhoz, hogy meg\u00e9rts\u00fck, hogyan lehet felgyors\u00edtani a Corten ac\u00e9l rozsd\u00e1sod\u00e1s\u00e1t, el\u0151sz\u00f6r is fontos meg\u00e9rteni, hogy mi teszi ezt a f\u00e9met olyan egyediv\u00e9.<\/p>\n\n\n\n<p>A Corten ac\u00e9l (a CORrosion resistance and TENsile strength (korr\u00f3zi\u00f3\u00e1ll\u00f3s\u00e1g \u00e9s szak\u00edt\u00f3szil\u00e1rds\u00e1g) r\u00f6vid\u00edt\u00e9se) egy speci\u00e1lis ac\u00e9l\u00f6tv\u00f6zet, amely rezet, kr\u00f3mot, nikkelt \u00e9s foszfort tartalmaz. Ezek a tov\u00e1bbi elemek lehet\u0151v\u00e9 teszik, hogy leveg\u0151nek \u00e9s nedvess\u00e9gnek kit\u00e9ve oxid\u00e1ci\u00f3s v\u00e9d\u0151r\u00e9teget k\u00e9pezzen.<\/p>\n\n\n\n<p>Ez a patin\u00e1nak nevezett v\u00e9d\u0151r\u00e9teg term\u00e9szetes g\u00e1tk\u00e9nt hat a k\u00f6rnyezet \u00e9s az alatta l\u00e9v\u0151 ac\u00e9l k\u00f6z\u00f6tt. A patina kialakul\u00e1sa ut\u00e1n stabiliz\u00e1lja \u00e9s megakad\u00e1lyozza a tov\u00e1bbi korr\u00f3zi\u00f3t.<\/p>\n\n\n\n<p>M\u00e1s sz\u00f3val, ellent\u00e9tben a k\u00f6z\u00f6ns\u00e9ges ac\u00e9llal, amely addig rozsd\u00e1sodik, am\u00edg sz\u00e9t nem esik, a Corten ac\u00e9l meg\u00e1ll a korr\u00f3zi\u00f3ban, amint a fel\u00fclete el\u00e9gg\u00e9 oxid\u00e1l\u00f3dik.<\/p>\n\n\n\n<hr class=\"wp-block-separator has-alpha-channel-opacity\"\/>\n\n\n\n<h2 class=\"wp-block-heading\"><strong>Term\u00e9szetes rozsd\u00e1sod\u00e1s: Hossz\u00fa \u00e9s kisz\u00e1m\u00edthatatlan folyamat<\/strong><\/h2>\n\n\n\n<p>Elm\u00e9letileg egyszer\u0171en kiteheti a Corten-ac\u00e9lt a k\u00fclt\u00e9ri id\u0151j\u00e1r\u00e1snak, \u00e9s hagyhatja, hogy a term\u00e9szet elv\u00e9gezze a munk\u00e1t. Id\u0151vel, az es\u0151 \u00e9s a nap v\u00e1ltakoz\u00e1s\u00e1val a f\u00e9m narancsbarna patin\u00e1t kapna.<\/p>\n\n\n\n<p>Ez a term\u00e9szetes folyamat azonban a helyi \u00e9ghajlatt\u00f3l f\u00fcgg\u0151en h\u00f3napokig - ak\u00e1r \u00e9vekig is - eltarthat.<\/p>\n\n\n\n<h3 class=\"wp-block-heading\"><strong>A term\u00e9szetes rozsdak\u00e9pz\u0151d\u00e9st befoly\u00e1sol\u00f3 t\u00e9nyez\u0151k:<\/strong><\/h3>\n\n\n\n<ul class=\"wp-block-list\">\n<li>P\u00e1ratartalom: A rozsda gyorsabban k\u00e9pz\u0151dik p\u00e1r\u00e1s vagy tengerparti k\u00f6rnyezetben.<\/li>\n\n\n\n<li>Es\u0151nek val\u00f3 kitetts\u00e9g: A v\u00edz felgyors\u00edtja az oxid\u00e1ci\u00f3t, de a t\u00fal sok v\u00edz lefoly\u00f3 foltokat okozhat.<\/li>\n\n\n\n<li>L\u00e9gszennyez\u00e9s: A szennyez\u0151 anyagok \u00e9s a s\u00f3k megv\u00e1ltoztathatj\u00e1k a rozsda sz\u00edn\u00e9t \u00e9s text\u00far\u00e1j\u00e1t.<\/li>\n\n\n\n<li>H\u0151m\u00e9rs\u00e9klet: Alacsony h\u0151m\u00e9rs\u00e9klet lass\u00edtja az oxid\u00e1ci\u00f3t.<\/li>\n\n\n\n<li>L\u00e9g\u00e1raml\u00e1s: A rossz szell\u0151z\u00e9s egyenetlen vagy foltos rozsd\u00e1sod\u00e1st okozhat.<\/li>\n<\/ul>\n\n\n\n<p>E v\u00e1ltoz\u00f3k miatt a term\u00e9szetes id\u0151j\u00e1r\u00e1s kisz\u00e1m\u00edthatatlan. A f\u00e9m egyes ter\u00fcletei gyorsabban rozsd\u00e1sodhatnak, mint m\u00e1sok, ami foltos, egyenetlen sz\u00edneket eredm\u00e9nyezhet. A k\u00f6vetkezetlen patina frusztr\u00e1l\u00f3 lehet, k\u00fcl\u00f6n\u00f6sen a tervez\u0151k, kert\u00e9p\u00edt\u0151k vagy a tiszta, egys\u00e9ges fel\u00fcletet keres\u0151 lak\u00e1stulajdonosok sz\u00e1m\u00e1ra.<\/p>\n\n\n\n<p>Ez\u00e9rt sok szakember ellen\u0151rz\u00f6tt oxid\u00e1ci\u00f3t alkalmaz - ez egy sz\u00e1nd\u00e9kos m\u00f3dszer a rozsd\u00e1sod\u00e1si folyamat biztons\u00e1gos felgyors\u00edt\u00e1s\u00e1ra, \u00e9s rekordid\u0151 alatt egys\u00e9ges, eszt\u00e9tikus eredm\u00e9nyt \u00e9r el.<\/p>\n\n\n\n<hr class=\"wp-block-separator has-alpha-channel-opacity\"\/>\n\n\n\n<h2 class=\"wp-block-heading\"><strong>Mi\u00e9rt ne haszn\u00e1ljunk sav alap\u00fa rozsdagyors\u00edt\u00f3kat?<\/strong><\/h2>\n\n\n\n<p>A bark\u00e1csol\u00f3k, s\u0151t egyes szakemberek gyakori hib\u00e1ja, hogy savas alap\u00fa term\u00e9keket (p\u00e9ld\u00e1ul s\u00f3savat, ecetet vagy bizonyos ipari tiszt\u00edt\u00f3szereket) haszn\u00e1lnak, hogy az ac\u00e9l gyorsabban rozsd\u00e1sodjon.<\/p>\n\n\n\n<p>B\u00e1r a savak hat\u00e1s\u00e1ra az ac\u00e9l gyorsan narancss\u00e1rg\u00e1ra sz\u00ednez\u0151dik, a savak a Corten ac\u00e9l k\u00e9miai integrit\u00e1s\u00e1t is t\u00f6nkreteszik.<\/p>\n\n\n\n<h3 class=\"wp-block-heading\"><strong>A probl\u00e9ma a savas kezel\u00e9sekkel<\/strong><\/h3>\n\n\n\n<ul class=\"wp-block-list\">\n<li>A savak megt\u00e1madj\u00e1k az ac\u00e9l fel\u00fclet\u00e9t, \u00e9s felem\u00e9sztik a v\u00e9d\u0151\u00f6tv\u00f6zet alkot\u00f3elemeit (k\u00fcl\u00f6n\u00f6sen a rezet \u00e9s a kr\u00f3mot).<\/li>\n\n\n\n<li>A korr\u00f3zi\u00f3 nem \u00e1ll meg - m\u00e9g akkor sem, ha a fel\u00fclet rozsd\u00e1snak t\u0171nik. A sav tov\u00e1bbra is reakci\u00f3ba l\u00e9p a patina alatti f\u00e9mmel, ami v\u00e9g\u00fcl lyukakat, lepattogz\u00e1st vagy szerkezeti gyenges\u00e9get okozhat.<\/li>\n\n\n\n<li>A savg\u0151z\u00f6ket vesz\u00e9lyes bel\u00e9legezni, ez\u00e9rt v\u00e9d\u0151keszty\u0171, maszk \u00e9s v\u00e9d\u0151szem\u00fcveg sz\u00fcks\u00e9ges.<\/li>\n\n\n\n<li>A savas reakci\u00f3t stopf\u00fcrd\u0151vel kell semleges\u00edteni, ami bonyolultabb\u00e1 \u00e9s k\u00f6lts\u00e9gesebb\u00e9 teszi a folyamatot.<\/li>\n<\/ul>\n\n\n\n<p>R\u00f6viden: a sav haszn\u00e1lata r\u00f6vid\u00edt\u00e9snek t\u0171nhet, de t\u00f6nkreteszi az ac\u00e9lt \u00e9s vesz\u00e9lyezteti a biztons\u00e1got.<\/p>\n\n\n\n<hr class=\"wp-block-separator has-alpha-channel-opacity\"\/>\n\n\n\n<h2 class=\"wp-block-heading\"><strong>Az Corten+ megold\u00e1s: A rozsda felgyors\u00edt\u00e1sa biztons\u00e1gosan \u00e9s term\u00e9szetesen<\/strong><\/h2>\n\n\n\n<p><a href=\"https:\/\/www.cortenplus.com\/hu\/products\/rust-accelerator\/\" data-type=\"link\" data-id=\"https:\/\/www.cortenplus.com\/products\/rust-accelerator\/\">Az Corten+-n\u00e9l kifejlesztett\u00fcnk egy 100% savmentes rozsdagyors\u00edt\u00f3t, amely ut\u00e1nozza a term\u00e9szetes id\u0151j\u00e1r\u00e1st - de mind\u00f6ssze n\u00e9h\u00e1ny \u00f3ra alatt.<\/a><\/p>\n\n\n\n<p>Formul\u00e1nk \u00fagy m\u0171k\u00f6dik, hogy az ac\u00e9l term\u00e9szetes oxid\u00e1ci\u00f3s mechanizmus\u00e1t aktiv\u00e1lja, ahelyett, hogy korrod\u00e1ln\u00e1 azt. A folyamat gyors, egyenletes, biztons\u00e1gos a felhaszn\u00e1l\u00f3k sz\u00e1m\u00e1ra, \u00e9s teljesen tiszteletben tartja a f\u00e9m \u00e9ps\u00e9g\u00e9t.<\/p>\n\n\n\n<h3 class=\"wp-block-heading\"><strong>Mi\u00e9rt v\u00e1lassza az Corten+-t a savalap\u00fa term\u00e9kekkel szemben?<\/strong><\/h3>\n\n\n\n<figure class=\"wp-block-table\"><table class=\"has-fixed-layout\"><thead><tr><th>Jellemz\u0151<\/th><th>Sav alap\u00fa gyors\u00edt\u00f3k<\/th><th><strong>Corten+ rozsdagyors\u00edt\u00f3<\/strong><\/th><\/tr><\/thead><tbody><tr><td>\u00d6sszet\u00e9tel<\/td><td>Savakat tartalmaz<\/td><td>100% savmentes<\/td><\/tr><tr><td>Korr\u00f3zi\u00f3 vesz\u00e9lye<\/td><td>Magas (az alkalmaz\u00e1s ut\u00e1n is folytat\u00f3dik)<\/td><td>Nincs<\/td><\/tr><tr><td>Biztons\u00e1g<\/td><td>M\u00e9rgez\u0151 \u00e9s mar\u00f3 hat\u00e1s\u00fa<\/td><td>Biztons\u00e1gos \u00e9s nem m\u00e9rgez\u0151<\/td><\/tr><tr><td>Semleges\u00edt\u00e9s sz\u00fcks\u00e9ges<\/td><td>Igen<\/td><td>Nem<\/td><\/tr><tr><td>Sz\u00ednszab\u00e1lyoz\u00e1s<\/td><td>Neh\u00e9z \u00e9s egyenetlen<\/td><td>Egys\u00e9ges, term\u00e9szetes patina<\/td><\/tr><tr><td>K\u00f6lts\u00e9gek<\/td><td>Magas (t\u00f6bb term\u00e9ket ig\u00e9nyel)<\/td><td>Ak\u00e1r 3x olcs\u00f3bb<\/td><\/tr><\/tbody><\/table><\/figure>\n\n\n\n<p>Az Corten+ rozsdagyors\u00edt\u00f3 egyetlen nap alatt reproduk\u00e1lja a h\u00f3napokig tart\u00f3 id\u0151j\u00e1r\u00e1si hat\u00e1sok hat\u00e1s\u00e1t, \u00edgy teljes m\u00e9rt\u00e9kben szab\u00e1lyozhatja a rozsda sz\u00edn\u00e9t, t\u00f3nus\u00e1t \u00e9s m\u00e9lys\u00e9g\u00e9t.<\/p>\n\n\n\n<hr class=\"wp-block-separator has-alpha-channel-opacity\"\/>\n\n\n\n<h2 class=\"wp-block-heading\"><strong>L\u00e9p\u00e9sr\u0151l l\u00e9p\u00e9sre \u00fatmutat\u00f3: Corten ac\u00e9l rozsd\u00e1sod\u00e1s\u00e1nak felgyors\u00edt\u00e1sa: Hogyan gyors\u00edtsuk fel a rozsd\u00e1sod\u00e1st a Corten ac\u00e9lon?<\/strong><\/h2>\n\n\n\n<p>A rozsd\u00e1sod\u00e1shoz h\u00e1rom alapvet\u0151 szakaszra van sz\u00fcks\u00e9g:<\/p>\n\n\n\n<ol class=\"wp-block-list\">\n<li>El\u0151k\u00e9sz\u00edt\u00e9s - Az ac\u00e9lfel\u00fclet tiszt\u00edt\u00e1sa<\/li>\n\n\n\n<li>Oxid\u00e1ci\u00f3 - A rozsdagyors\u00edt\u00f3 alkalmaz\u00e1sa<\/li>\n\n\n\n<li>V\u00e9delem - A fel\u00fclet lez\u00e1r\u00e1sa a foltok elker\u00fcl\u00e9se \u00e9rdek\u00e9ben<\/li>\n<\/ol>\n\n\n\n<p>N\u00e9zz\u00fck \u00e1t r\u00e9szletesen az egyes l\u00e9p\u00e9seket.<\/p>\n\n\n\n<hr class=\"wp-block-separator has-alpha-channel-opacity\"\/>\n\n\n\n<h3 class=\"wp-block-heading\"><strong>1. l\u00e9p\u00e9s: Fel\u00fclet el\u0151k\u00e9sz\u00edt\u00e9se<\/strong><\/h3>\n\n\n\n<p>Az oxid\u00e1ci\u00f3s eredm\u00e9ny min\u0151s\u00e9ge szinte teljes m\u00e9rt\u00e9kben att\u00f3l f\u00fcgg, hogy mennyire j\u00f3l van el\u0151k\u00e9sz\u00edtve az ac\u00e9l. Ha a fel\u00fclet piszkos, zs\u00edros vagy malomk\u0151vel bor\u00edtott, a rozsda nem fog egyenletesen kialakulni.<\/p>\n\n\n\n<h4 class=\"wp-block-heading\"><strong>A Corten ac\u00e9l t\u00edpus\u00e1nak meghat\u00e1roz\u00e1sa<\/strong><\/h4>\n\n\n\n<p>Mindenekel\u0151tt \u00e1llap\u00edtsa meg, hogy az ac\u00e9l melegen vagy hidegen hengerelt-e:<\/p>\n\n\n\n<ul class=\"wp-block-list\">\n<li>Hidegen hengerelt Corten ac\u00e9l: v\u00e9konyabb, mint 2,5 mm, sima fel\u00fclet\u0171<\/li>\n\n\n\n<li>Melegen hengerelt Corten ac\u00e9l: 2,5 mm-n\u00e9l vastagabb, \u00e9rdes fel\u00fclet\u0171, malomk\u0151vel szennyezett<\/li>\n<\/ul>\n\n\n\n<blockquote class=\"wp-block-quote is-layout-flow wp-block-quote-is-layout-flow\">\n<p>\u26a0\ufe0f Megjegyz\u00e9s: Mindig k\u00e9rdezze meg a besz\u00e1ll\u00edt\u00f3j\u00e1t, mivel a vastags\u00e1g \u00f6nmag\u00e1ban nem garant\u00e1lt mutat\u00f3.<\/p>\n<\/blockquote>\n\n\n\n<hr class=\"wp-block-separator has-alpha-channel-opacity\"\/>\n\n\n\n<h4 class=\"wp-block-heading\"><strong>Ha forr\u00f3n hengerelt: T\u00e1vol\u00edtsa el a malomk\u0151<\/strong><\/h4>\n\n\n\n<p>A melegen hengerelt ac\u00e9lon a gy\u00e1rt\u00e1s sor\u00e1n kialakul\u00f3 s\u00f6t\u00e9t, kem\u00e9ny bevonat, az \u00fagynevezett malomk\u0151 tal\u00e1lhat\u00f3. Ezt el kell t\u00e1vol\u00edtani a megfelel\u0151 oxid\u00e1ci\u00f3 \u00e9rdek\u00e9ben.<\/p>\n\n\n\n<p>1. lehet\u0151s\u00e9g: Homokf\u00fav\u00e1s (aj\u00e1nlott)<br>Az Corten+-n\u00e9l javasoljuk a homokf\u00fav\u00e1st vagy a szemcsesz\u00f3r\u00e1ssal t\u00f6rt\u00e9n\u0151 mechanikus elt\u00e1vol\u00edt\u00e1st, hogy mechanikusan elt\u00e1vol\u00edtsuk a malomk\u0151zetet \u00e9s enyh\u00e9n \u00e9rdes fel\u00fcletet hozzunk l\u00e9tre. Ez biztos\u00edtja az oxid\u00e1ci\u00f3s r\u00e9teg t\u00f6k\u00e9letes tapad\u00e1s\u00e1t.<\/p>\n\n\n\n<p>2. lehet\u0151s\u00e9g: Corten+ v\u00edzk\u0151old\u00f3<br>Ha nincs hozz\u00e1f\u00e9r\u00e9se homokf\u00fav\u00f3hoz, haszn\u00e1lja az Corten+ v\u00edzk\u0151old\u00f3t (m\u00e1s n\u00e9ven <em>V\u00edzk\u0151old\u00f3 szer<\/em>).<\/p>\n\n\n\n<ul class=\"wp-block-list\">\n<li>A term\u00e9ket egyenletesen permetezze az ac\u00e9lfel\u00fcletre.<\/li>\n\n\n\n<li>Hagyja hatni a megadott ideig.<\/li>\n\n\n\n<li>Alaposan \u00f6bl\u00edtse le tiszta v\u00edzzel.<\/li>\n<\/ul>\n\n\n\n<p>Mivel az Corten+ v\u00edzk\u0151old\u00f3 er\u0151s vegyszer, az \u00f6bl\u00edt\u00e9s elengedhetetlen a marad\u00e9kok elt\u00e1vol\u00edt\u00e1s\u00e1hoz \u00e9s a fel\u00fclet oxid\u00e1ci\u00f3ra val\u00f3 el\u0151k\u00e9sz\u00edt\u00e9s\u00e9hez.<\/p>\n\n\n\n<hr class=\"wp-block-separator has-alpha-channel-opacity\"\/>\n\n\n\n<h4 class=\"wp-block-heading\"><strong>Ha hidegen hengerelt: T\u00e1vol\u00edtsa el a zs\u00edrr\u00e9teget<\/strong><\/h4>\n\n\n\n<p>A hidegen hengerelt Corten ac\u00e9l olajos v\u00e9d\u0151bevonattal rendelkezik a korai rozsd\u00e1sod\u00e1s megel\u0151z\u00e9se \u00e9rdek\u00e9ben. A k\u00f6z\u00f6ns\u00e9ges zs\u00edrtalan\u00edt\u00f3k nem t\u00e1vol\u00edtj\u00e1k el teljesen - speci\u00e1lis Corten ac\u00e9l zs\u00edrtalan\u00edt\u00f3ra van sz\u00fcks\u00e9g.<\/p>\n\n\n\n<p>Haszn\u00e1lja az Corten+ zs\u00edrtalan\u00edt\u00f3t, amelyet kifejezetten ehhez a kem\u00e9ny ipari zs\u00edrhoz fejlesztettek ki.<\/p>\n\n\n\n<ul class=\"wp-block-list\">\n<li>Nagyvonal\u00faan vigye fel a fel\u00fcletre.<\/li>\n\n\n\n<li>Hagyja n\u00e9h\u00e1ny percig \u00e1llni, hogy az olaj behatoljon.<\/li>\n\n\n\n<li>\u00d6bl\u00edtse le alaposan v\u00edzzel, \u00e9s hagyja megsz\u00e1radni.<\/li>\n<\/ul>\n\n\n\n<p>A tiszt\u00edt\u00e1s ut\u00e1n a Corten ac\u00e9l k\u00e9szen \u00e1ll az oxid\u00e1ci\u00f3ra.<\/p>\n\n\n\n<hr class=\"wp-block-separator has-alpha-channel-opacity\"\/>\n\n\n\n<h3 class=\"wp-block-heading\"><strong>2. l\u00e9p\u00e9s: A rozsda felgyors\u00edt\u00e1sa Corten+-vel<\/strong><\/h3>\n\n\n\n<p>Most j\u00f6n az izgalmas r\u00e9sz - a gazdag, term\u00e9szetes rozsda patina l\u00e9trehoz\u00e1sa h\u00f3napok helyett \u00f3r\u00e1k alatt.<\/p>\n\n\n\n<h4 class=\"wp-block-heading\"><strong>Alkalmaz\u00e1si \u00fatmutat\u00f3<\/strong><\/h4>\n\n\n\n<ol class=\"wp-block-list\">\n<li>Gy\u0151z\u0151dj\u00f6n meg r\u00f3la, hogy a fel\u00fclet tiszta \u00e9s sz\u00e1raz.<\/li>\n\n\n\n<li>Haszn\u00e1lat el\u0151tt j\u00f3l r\u00e1zza fel az Corten+ rozsdagyors\u00edt\u00f3t.<\/li>\n\n\n\n<li>Egyenletesen vigye fel permetez\u0151vel vagy ecsettel.<\/li>\n\n\n\n<li>Hagyja, hogy term\u00e9szetes m\u00f3don reag\u00e1ljon az ac\u00e9lfel\u00fclettel.<\/li>\n<\/ol>\n\n\n\n<p>N\u00e9h\u00e1ny \u00f3r\u00e1n bel\u00fcl megjelennek az oxid\u00e1ci\u00f3 els\u0151 narancss\u00e1rga \u00e1rnyalatai. 24-48 \u00f3ra alatt a fel\u00fclet egys\u00e9ges, term\u00e9szetes rozsdasz\u00edn\u0171v\u00e9 v\u00e1lik.<\/p>\n\n\n\n<p>Ha s\u00f6t\u00e9t\u00edteni szeretn\u00e9 a t\u00f3nust, egy m\u00e1sodik vagy harmadik r\u00e9teggel is felhordhatja, am\u00edg el nem \u00e9ri a k\u00edv\u00e1nt sz\u00ednm\u00e9lys\u00e9get.<\/p>\n\n\n\n<hr class=\"wp-block-separator has-alpha-channel-opacity\"\/>\n\n\n\n<h4 class=\"wp-block-heading\"><strong>A legjobb alkalmaz\u00e1si felt\u00e9telek<\/strong><\/h4>\n\n\n\n<ul class=\"wp-block-list\">\n<li><strong>H\u0151m\u00e9rs\u00e9klet:<\/strong> 10\u00b0C \u00e9s 25\u00b0C k\u00f6z\u00f6tt.<\/li>\n\n\n\n<li><strong>P\u00e1ratartalom:<\/strong> M\u00e9rs\u00e9kelt; ker\u00fclje az er\u0151s es\u0151t a folyamat sor\u00e1n.<\/li>\n\n\n\n<li><strong>Fel\u00fclet:<\/strong> Sz\u00e1raznak, por- \u00e9s olajmentesnek kell lennie.<\/li>\n\n\n\n<li><strong>K\u00f6rnyezetv\u00e9delem:<\/strong> Permetez\u00e9s k\u00f6zben ker\u00fclje a k\u00f6zvetlen napf\u00e9nyt vagy az er\u0151s szelet.<\/li>\n<\/ul>\n\n\n\n<p>Az Corten+ rozsdagyors\u00edt\u00f3 \u00fagy m\u0171k\u00f6dik, hogy k\u00edm\u00e9letesen aktiv\u00e1lja az oxid\u00e1ci\u00f3t an\u00e9lk\u00fcl, hogy k\u00e1ros\u00edtan\u00e1 a f\u00e9met. Mivel ez <strong>savmentes<\/strong>, nincs sz\u00fcks\u00e9g semleges\u00edt\u0151 szerre vagy \u00f6bl\u00edt\u00e9sre ut\u00e1na.<\/p>\n\n\n\n<hr class=\"wp-block-separator has-alpha-channel-opacity\"\/>\n\n\n\n<h3 class=\"wp-block-heading\"><strong>3. l\u00e9p\u00e9s: A rozsd\u00e1s fel\u00fclet v\u00e9delme<\/strong><\/h3>\n\n\n\n<p>Ha az ac\u00e9l el\u00e9rte a k\u00edv\u00e1nt hangsz\u00ednt, fontos, hogy lez\u00e1rja \u00e9s megv\u00e9dje.<\/p>\n\n\n\n<p>V\u00e9delem n\u00e9lk\u00fcl az es\u0151v\u00edz rozsd\u00e1sod\u00e1st okozhat, amely a k\u00f6zeli fel\u00fcleteket, p\u00e9ld\u00e1ul a k\u00f6vet, betont vagy f\u00e1t elsz\u00ednezi. A rozsdar\u00e9teg \u00e9rintkez\u00e9skor a ruh\u00e1zatra vagy a b\u0151rre is led\u00f6rzs\u00f6l\u0151dhet.<\/p>\n\n\n\n<p>Ennek elker\u00fcl\u00e9se \u00e9rdek\u00e9ben haszn\u00e1lja az Corten+ Sealer-t - egy kifejezetten Corten ac\u00e9lhoz kifejlesztett v\u00e9d\u0151lakkot.<\/p>\n\n\n\n<hr class=\"wp-block-separator has-alpha-channel-opacity\"\/>\n\n\n\n<h4 class=\"wp-block-heading\"><strong>Mi\u00e9rt haszn\u00e1lja az Corten+ t\u00f6m\u00edt\u0151anyagot?<\/strong><\/h4>\n\n\n\n<ul class=\"wp-block-list\">\n<li>Megakad\u00e1lyozza a rozsdacs\u00f6p\u00f6g\u00e9st \u00e9s a foltokat a talajon.<\/li>\n\n\n\n<li>Tiszt\u00e1n tartja a ruh\u00e1kat \u00e9s a kezeket a rozsdaporral szemben.<\/li>\n\n\n\n<li>R\u00f6gz\u00edti a sz\u00ednt az \u00d6n \u00e1ltal prefer\u00e1lt szakaszban.<\/li>\n\n\n\n<li>Meg\u0151rzi az ac\u00e9l matt, term\u00e9szetes megjelen\u00e9s\u00e9t.<\/li>\n\n\n\n<li>K\u00f6nnyen alkalmazhat\u00f3 spray-vel vagy ecsettel.<\/li>\n<\/ul>\n\n\n\n<p>Az Corten+ Sealer l\u00e1thatatlan, l\u00e9legz\u0151 r\u00e9teget k\u00e9pez, amely meg\u0151rzi a patin\u00e1t an\u00e9lk\u00fcl, hogy megv\u00e1ltoztatn\u00e1 annak megjelen\u00e9s\u00e9t.<\/p>\n\n\n\n<hr class=\"wp-block-separator has-alpha-channel-opacity\"\/>\n\n\n\n<h3 class=\"wp-block-heading\"><strong>Hogyan kell alkalmazni az Corten+ t\u00f6m\u00edt\u0151anyagot?<\/strong><\/h3>\n\n\n\n<ol class=\"wp-block-list\">\n<li>V\u00e1rja meg, am\u00edg az ac\u00e9l el\u00e9ri a k\u00edv\u00e1nt \u00e1rnyalatot.<\/li>\n\n\n\n<li>Gy\u0151z\u0151dj\u00f6n meg r\u00f3la, hogy a fel\u00fclet teljesen sz\u00e1raz.<\/li>\n\n\n\n<li>Vigye fel a t\u00f6m\u00edt\u0151anyagot egyenletesen a fel\u00fcletre.<\/li>\n\n\n\n<li>Hagyja teljesen megsz\u00e1radni, miel\u0151tt kezeln\u00e9 vagy es\u0151nek tenn\u00e9 ki.<\/li>\n<\/ol>\n\n\n\n<p>T\u00f6m\u00edt\u00e9s ut\u00e1n a Corten ac\u00e9l v\u00edz\u00e1ll\u00f3v\u00e1 \u00e9s folt\u00e1ll\u00f3v\u00e1 v\u00e1lik, ide\u00e1lis belt\u00e9ri \u00e9s k\u00fclt\u00e9ri alkalmaz\u00e1sokhoz egyar\u00e1nt.<\/p>\n\n\n\n<hr class=\"wp-block-separator has-alpha-channel-opacity\"\/>\n\n\n\n<h2 class=\"wp-block-heading\"><strong>A patina v\u00e9gs\u0151 sz\u00edn\u00e9nek szab\u00e1lyoz\u00e1sa<\/strong><\/h2>\n\n\n\n<p>Az Corten+ haszn\u00e1lat\u00e1nak egyik legnagyobb el\u0151nye a sz\u00ednszab\u00e1lyoz\u00e1s.<\/p>\n\n\n\n<p>A term\u00e9szetes vagy savakkal t\u00f6rt\u00e9n\u0151 rozsd\u00e1sod\u00e1s sor\u00e1n a patina sz\u00edne h\u00f3napok vagy \u00e9vek alatt kontroll\u00e1latlanul fejl\u0151dik - a vil\u00e1gos narancss\u00e1rg\u00e1t\u00f3l a s\u00f6t\u00e9tbarn\u00e1ig.<\/p>\n\n\n\n<p>Az Corten+ seg\u00edts\u00e9g\u00e9vel \u00d6n d\u00f6nti el, mikor \u00e1lljon le. Ha el\u00e9rte a k\u00edv\u00e1nt t\u00f3nust, egyszer\u0171en vigye fel a t\u00f6m\u00edt\u0151anyagot, \u00e9s a sz\u00edn pontosan olyan marad, amilyennek szeretn\u00e9.<\/p>\n\n\n\n<p>Ezt a rugalmass\u00e1got k\u00fcl\u00f6n\u00f6sen nagyra \u00e9rt\u00e9kelik az \u00e9p\u00edt\u00e9szek \u00e9s tervez\u0151k, akiknek nagy l\u00e9tes\u00edtm\u00e9nyekben vagy t\u00f6bb projektben is sz\u00fcks\u00e9g\u00fck van a konzisztenci\u00e1ra.<\/p>\n\n\n\n<hr class=\"wp-block-separator has-alpha-channel-opacity\"\/>\n\n\n\n<h2 class=\"wp-block-heading\"><strong>Alkalmaz\u00e1sok: Ahol a gyors\u00edtott rozsda a leghasznosabb<\/strong><\/h2>\n\n\n\n<h3 class=\"wp-block-heading\"><strong>1. Kerti \u00e9s kert\u00e9p\u00edt\u00e9si projektek<\/strong><\/h3>\n\n\n\n<p>A Corten ac\u00e9lb\u00f3l k\u00e9sz\u00fclt \u00fcltet\u0151k, t\u0171zrak\u00f3helyek, szeg\u00e9lyek \u00e9s kerti parav\u00e1nok leny\u0171g\u00f6z\u0151en n\u00e9znek ki a szab\u00e1lyozott rozsd\u00e1sod\u00e1ssal. Az Corten+ rozsdagyors\u00edt\u00f3 haszn\u00e1lat\u00e1val m\u00e1r a telep\u00edt\u00e9s el\u0151tt gy\u00f6ny\u00f6r\u0171 patin\u00e1t \u00e9rhet el - elker\u00fclve a k\u00e9s\u0151bbi piszkos lefoly\u00e1st.<\/p>\n\n\n\n<h3 class=\"wp-block-heading\"><strong>2. \u00c9p\u00edt\u00e9szeti homlokzatok<\/strong><\/h3>\n\n\n\n<p>A nagy homlokzatok eset\u00e9ben a k\u00f6vetkezetess\u00e9g kulcsfontoss\u00e1g\u00fa. A term\u00e9szetes rozsd\u00e1sod\u00e1s a panelek k\u00f6z\u00f6tt egyenetlen sz\u00ednez\u00e9st eredm\u00e9nyezhet. Az Corten+ m\u00f3dszer garant\u00e1lja a homog\u00e9n fel\u00fcletet a teljes fel\u00fcleten, ami n\u00f6veli a vizu\u00e1lis harm\u00f3ni\u00e1t.<\/p>\n\n\n\n<h3 class=\"wp-block-heading\"><strong>3. M\u0171v\u00e9szeti \u00e9s dekorat\u00edv projektek<\/strong><\/h3>\n\n\n\n<p>A m\u0171v\u00e9szek a Corten ac\u00e9lt nyers text\u00far\u00e1ja miatt szeretik. Az Corten+ haszn\u00e1lat\u00e1val gyorsan \u00e9s pontosan, ak\u00e1r belt\u00e9rben is l\u00e9trehozhatj\u00e1k a k\u00edv\u00e1nt patin\u00e1t, a savas gyors\u00edt\u00f3kkal j\u00e1r\u00f3 kock\u00e1zatok n\u00e9lk\u00fcl.<\/p>\n\n\n\n<h3 class=\"wp-block-heading\"><strong>4. Belt\u00e9ri b\u00fatorok \u00e9s dekor\u00e1ci\u00f3<\/strong><\/h3>\n\n\n\n<p>A Corten ac\u00e9l belt\u00e9ri haszn\u00e1latakor (asztalok, l\u00e1mp\u00e1k, falpanelek) a term\u00e9szetes rozsd\u00e1sod\u00e1s lehetetlen. Az Corten+ rozsdagyors\u00edt\u00f3 azonnal l\u00e9trehozza a k\u00edv\u00e1nt patin\u00e1t, a Sealer pedig megakad\u00e1lyozza a rozsda \u00e1tterjed\u00e9s\u00e9t vagy elsz\u00ednez\u0151d\u00e9s\u00e9t a lak\u00f3t\u00e9rben.<\/p>\n\n\n\n<hr class=\"wp-block-separator has-alpha-channel-opacity\"\/>\n\n\n\n<h2 class=\"wp-block-heading\"><strong>Gyakran ism\u00e9telt k\u00e9rd\u00e9sek<\/strong><\/h2>\n\n\n\n<h3 class=\"wp-block-heading\"><strong>Mennyi id\u0151be telik, am\u00edg az Corten+ l\u00e1that\u00f3 rozsd\u00e1t k\u00e9pez?<\/strong><\/h3>\n\n\n\n<p>A l\u00e1that\u00f3 oxid\u00e1ci\u00f3 \u00f3r\u00e1kon bel\u00fcl megkezd\u0151dik, \u00e9s a teljes patina kialakul\u00e1sa a k\u00f6r\u00fclm\u00e9nyekt\u0151l f\u00fcgg\u0151en 24-48 \u00f3ra alatt k\u00f6vetkezik be.<\/p>\n\n\n\n<h3 class=\"wp-block-heading\"><strong>Az Corten+ haszn\u00e1lata ut\u00e1n le kell-e \u00f6bl\u00edteni a fel\u00fcletet?<\/strong><\/h3>\n\n\n\n<p>Nem. A savalap\u00fa term\u00e9kekkel ellent\u00e9tben az Corten+ nem ig\u00e9nyel \u00f6bl\u00edt\u00e9st vagy semleges\u00edt\u00e9st. A folyamat term\u00e9szetes m\u00f3don \u00e1ll le, amikor az oxid\u00e1ci\u00f3 stabiliz\u00e1l\u00f3dik.<\/p>\n\n\n\n<h3 class=\"wp-block-heading\"><strong>Biztons\u00e1gos a belt\u00e9ri haszn\u00e1lata?<\/strong><\/h3>\n\n\n\n<p>Igen. Mivel savmentes \u00e9s nem m\u00e9rgez\u0151, az Corten+ biztons\u00e1gos belt\u00e9ri haszn\u00e1latra, felt\u00e9ve, hogy a helyis\u00e9g szell\u0151ztethet\u0151.<\/p>\n\n\n\n<h3 class=\"wp-block-heading\"><strong>Haszn\u00e1lhatom az Corten+-t k\u00f6z\u00f6ns\u00e9ges ac\u00e9lra?<\/strong><\/h3>\n\n\n\n<p>B\u00e1r a Corten ac\u00e9lhoz tervezt\u00e9k, a rozsd\u00e1s megjelen\u00e9s el\u00e9r\u00e9s\u00e9hez hagyom\u00e1nyos ac\u00e9lra is haszn\u00e1lhat\u00f3. A Corten \u00f6tv\u00f6zetek v\u00e9d\u0151hat\u00e1sa azonban nem \u00e9rv\u00e9nyes\u00fcl, ez\u00e9rt a t\u00f6m\u00edt\u00e9s er\u0151sen aj\u00e1nlott.<\/p>\n\n\n\n<h3 class=\"wp-block-heading\"><strong>K\u00e9s\u0151bb \u00fajra alkalmazhatom az Corten+-t, ha m\u00f3dos\u00edtani akarom a sz\u00ednt?<\/strong><\/h3>\n\n\n\n<p>Abszol\u00fat. A t\u00f3nus elm\u00e9ly\u00edt\u00e9se \u00e9rdek\u00e9ben b\u00e1rmikor felvihet m\u00e9g egy r\u00e9teget, miel\u0151tt \u00fajra lez\u00e1rja.<\/p>\n\n\n\n<hr class=\"wp-block-separator has-alpha-channel-opacity\"\/>\n\n\n\n<h2 class=\"wp-block-heading\"><strong>A bark\u00e1csm\u00f3dszerek \u00e9s az Corten+ rendszer \u00f6sszehasonl\u00edt\u00e1sa<\/strong><\/h2>\n\n\n\n<figure class=\"wp-block-table\"><table class=\"has-fixed-layout\"><thead><tr><th>M\u00f3dszer<\/th><th>Id\u0151<\/th><th>Biztons\u00e1g<\/th><th>Sz\u00ednegyenletess\u00e9g<\/th><th>Tart\u00f3ss\u00e1g<\/th><th>K\u00f6lts\u00e9gek<\/th><\/tr><\/thead><tbody><tr><td>Term\u00e9szetes id\u0151j\u00e1r\u00e1s<\/td><td>6-12 h\u00f3nap<\/td><td>Biztons\u00e1gos<\/td><td>Egyenetlen<\/td><td>Magas<\/td><td>Alacsony<\/td><\/tr><tr><td>Savas kezel\u00e9sek<\/td><td>1-2 nap<\/td><td>Vesz\u00e9lyes<\/td><td>Foltos<\/td><td>Szeg\u00e9ny<\/td><td>K\u00f6zepes<\/td><\/tr><tr><td><strong>Corten+ rendszer<\/strong><\/td><td>2-4 \u00f3ra<\/td><td>Biztons\u00e1gos \u00e9s savmentes<\/td><td>Egys\u00e9ges<\/td><td>Kiv\u00e1l\u00f3<\/td><td><strong>Alacsony (kevesebb term\u00e9k)<\/strong><\/td><\/tr><\/tbody><\/table><\/figure>\n\n\n\n<p>Az Corten+ a sebess\u00e9g, a biztons\u00e1g \u00e9s a professzion\u00e1lis min\u0151s\u00e9g\u0171 eredm\u00e9nyek t\u00f6k\u00e9letes egyens\u00faly\u00e1t biztos\u00edtja.<\/p>\n\n\n\n<hr class=\"wp-block-separator has-alpha-channel-opacity\"\/>\n\n\n\n<h2 class=\"wp-block-heading\"><strong>Karbantart\u00e1si tippek a rozsd\u00e1s Corten ac\u00e9lhoz<\/strong><\/h2>\n\n\n\n<ol class=\"wp-block-list\">\n<li>\u00c9vente ellen\u0151rizze: Ellen\u0151rizze, hogy a t\u00f6m\u00edt\u0151anyagon nincsenek-e reped\u00e9sek vagy kopott ter\u00fcletek.<\/li>\n\n\n\n<li>\u00d3vatosan tiszt\u00edtsa meg: Ker\u00fclje a durva vegyszereket.<\/li>\n\n\n\n<li>A hossz\u00fa t\u00e1v\u00fa v\u00e9delem \u00e9rdek\u00e9ben n\u00e9h\u00e1ny \u00e9vente \u00fajra alkalmazza a t\u00f6m\u00edt\u0151anyagot.<\/li>\n\n\n\n<li>Ker\u00fclje az \u00e1ll\u00f3vizet: Biztos\u00edtsa a j\u00f3 v\u00edzelvezet\u00e9st a k\u00fclt\u00e9ri t\u00e1rgyak eset\u00e9ben.<\/li>\n\n\n\n<li>Corten t\u00e1rgyak mozgat\u00e1sa eset\u00e9n megfelel\u0151en t\u00e1rolja a Corten t\u00e1rgyakat belt\u00e9ren vagy k\u00fclt\u00e9ren.<\/li>\n<\/ol>\n\n\n\n<p>Ezekkel az egyszer\u0171 karbantart\u00e1si l\u00e9p\u00e9sekkel a Corten ac\u00e9l \u00e9vtizedekig meg\u0151rzi egyedi var\u00e1zs\u00e1t.<\/p>\n\n\n\n<hr class=\"wp-block-separator has-alpha-channel-opacity\"\/>\n\n\n\n<h2 class=\"wp-block-heading\"><strong>Mi\u00e9rt v\u00e1lasztj\u00e1k a szakemberek az Corten+-t<\/strong><\/h2>\n\n\n\n<p>Az Corten+ vil\u00e1gszerte a kert\u00e9p\u00edt\u0151k, \u00e9p\u00edt\u00e9szek, k\u00e9zm\u0171vesek \u00e9s f\u00e9mmegmunk\u00e1l\u00f3k els\u0151sz\u00e1m\u00fa megold\u00e1sa lett. \u00cdme, mi\u00e9rt:<\/p>\n\n\n\n<ul class=\"wp-block-list\">\n<li>100% savmentes technol\u00f3gia - biztons\u00e1gos az \u00d6n \u00e9s ac\u00e9lja sz\u00e1m\u00e1ra.<\/li>\n\n\n\n<li>Gyors, term\u00e9szetes oxid\u00e1ci\u00f3 24 \u00f3ra alatt.<\/li>\n\n\n\n<li>T\u00f6k\u00e9letesen egyenletes eredm\u00e9ny nagy fel\u00fcleteken.<\/li>\n\n\n\n<li>Egyszer\u0171s\u00edtett folyamat: nincs \u00f6bl\u00edt\u00e9s, nincs semleges\u00edt\u00e9s, nincsenek vesz\u00e9lyek.<\/li>\n\n\n\n<li>Alacsonyabb \u00f6sszk\u00f6lts\u00e9g: egyetlen integr\u00e1lt rendszer az el\u0151k\u00e9sz\u00edt\u00e9shez, oxid\u00e1ci\u00f3hoz \u00e9s v\u00e9delemhez.<\/li>\n\n\n\n<li>Glob\u00e1lis sz\u00e1ll\u00edt\u00e1s: gyors sz\u00e1ll\u00edt\u00e1s vil\u00e1gszerte a fuvaroz\u00f3i h\u00e1l\u00f3zatunkon kereszt\u00fcl.<\/li>\n<\/ul>\n\n\n\n<p>Ak\u00e1r otthoni tulajdonos, ak\u00e1r szakember, az Corten+ olyan eszk\u00f6z\u00f6ket biztos\u00edt, amelyekkel minden alkalommal t\u00f6k\u00e9letes rozsdafest\u00e9st hozhat l\u00e9tre \u00e9s \u0151rizhet meg.<\/p>\n\n\n\n<hr class=\"wp-block-separator has-alpha-channel-opacity\"\/>\n\n\n\n<h2 class=\"wp-block-heading\"><strong>L\u00e9p\u00e9sr\u0151l l\u00e9p\u00e9sre t\u00f6rt\u00e9n\u0151 \u00f6sszefoglal\u00f3<\/strong><\/h2>\n\n\n\n<figure class=\"wp-block-table\"><table class=\"has-fixed-layout\"><thead><tr><th>L\u00e9p\u00e9s<\/th><th>C\u00e9lkit\u0171z\u00e9s<\/th><th>Aj\u00e1nlott term\u00e9k<\/th><th>C\u00e9l<\/th><\/tr><\/thead><tbody><tr><td>1. El\u0151k\u00e9sz\u00edt\u00e9s<\/td><td>Tiszt\u00edtsa meg \u00e9s k\u00e9sz\u00edtse el\u0151 az ac\u00e9lt<\/td><td><strong>Corten+ V\u00edzk\u0151old\u00f3 \/ Zs\u00edrtalan\u00edt\u00f3<\/strong><\/td><td>T\u00e1vol\u00edtsa el a malomk\u0151 vagy a zsirad\u00e9kot<\/td><\/tr><tr><td>2. Oxid\u00e1ci\u00f3<\/td><td>Felgyors\u00edtja a rozsd\u00e1sod\u00e1st term\u00e9szetesen<\/td><td><strong>Corten+ rozsdagyors\u00edt\u00f3<\/strong><\/td><td>Egys\u00e9ges patina l\u00e9trehoz\u00e1sa biztons\u00e1gosan<\/td><\/tr><tr><td>3. V\u00e9delem<\/td><td>T\u00f6m\u00edt\u00e9s \u00e9s stabiliz\u00e1l\u00e1s<\/td><td><strong>Corten+ t\u00f6m\u00edt\u0151anyag<\/strong><\/td><td>Megakad\u00e1lyozza a foltokat \u00e9s a sz\u00ednv\u00e1ltoz\u00e1st<\/td><\/tr><\/tbody><\/table><\/figure>\n\n\n\n<hr class=\"wp-block-separator has-alpha-channel-opacity\"\/>\n\n\n\n<h2 class=\"wp-block-heading\"><strong>V\u00e9gs\u0151 gondolatok: A szab\u00e1lyozott oxid\u00e1ci\u00f3 m\u0171v\u00e9szete<\/strong><\/h2>\n\n\n\n<p>A rozsd\u00e1t gyakran a roml\u00e1s szimb\u00f3lum\u00e1nak tekintik, de a Corten ac\u00e9lon a sz\u00e9ps\u00e9g, a hiteless\u00e9g \u00e9s a tart\u00f3ss\u00e1g jel\u00e9v\u00e9 v\u00e1lik. A kulcs a folyamat ir\u00e1ny\u00edt\u00e1sa ahelyett, hogy hagyn\u00e1nk, hogy a term\u00e9szet vegye \u00e1t az ir\u00e1ny\u00edt\u00e1st.<\/p>\n\n\n\n<p>Az Corten+ seg\u00edts\u00e9g\u00e9vel gyorsan, biztons\u00e1gosan \u00e9s gy\u00f6ny\u00f6r\u0171en felgyors\u00edthatja a jellegzetes patina kialakul\u00e1s\u00e1t - a f\u00e9m \u00e9ps\u00e9g\u00e9nek vesz\u00e9lyeztet\u00e9se n\u00e9lk\u00fcl.<\/p>\n\n\n\n<p>Ak\u00e1r modern homlokzatot \u00e9p\u00edt, ak\u00e1r kerti remekm\u0171vet k\u00e9sz\u00edt, vagy szoborszer\u0171 asztald\u00edszt tervez, az Corten+ teljes k\u00f6r\u0171 ellen\u0151rz\u00e9st biztos\u00edt az ac\u00e9l kin\u00e9zete \u00e9s tart\u00f3ss\u00e1ga felett.<\/p>\n\n\n\n<hr class=\"wp-block-separator has-alpha-channel-opacity\"\/>\n\n\n\n<h2 class=\"wp-block-heading\"><strong>Hol v\u00e1s\u00e1rolhat Corten+ term\u00e9keket<\/strong><\/h2>\n\n\n\n<p>Az \u00f6sszes Corten+ term\u00e9k - bele\u00e9rtve a v\u00edzk\u0151old\u00f3t, a zs\u00edrtalan\u00edt\u00f3t, a rozsdagyors\u00edt\u00f3t \u00e9s a t\u00f6m\u00edt\u0151szert - el\u00e9rhet\u0151 a hivatalos weboldalunkon.<\/p>\n\n\n\n<p>Gyors nemzetk\u00f6zi sz\u00e1ll\u00edt\u00e1st k\u00edn\u00e1lunk, \u00e9s term\u00e9keinkben megb\u00edznak a szakemberek Eur\u00f3pa- \u00e9s vil\u00e1gszerte.<\/p>\n\n\n\n<p>\ud83d\udc49 L\u00e1togasson el oldalunkra, hogy felfedezze az Corten+ teljes kezel\u00e9si v\u00e1laszt\u00e9k\u00e1t, \u00e9s magabiztosan alak\u00edtsa \u00e1t Corten ac\u00e9lj\u00e1t.<\/p>\n\n\n\n<p><\/p>","protected":false},"excerpt":{"rendered":"<p>Corten steel, also known as weathering steel, is one of the most fascinating materials used in modern design, landscaping, and architecture. Its distinctive rusty color gives an authentic, natural, and industrial character to any project \u2014 from sculptures and garden planters to building fa\u00e7ades and outdoor furniture. However, one question comes up again and again: [&hellip;]<\/p>\n","protected":false},"author":1,"featured_media":24997,"comment_status":"closed","ping_status":"open","sticky":false,"template":"","format":"standard","meta":{"_uag_custom_page_level_css":"","site-sidebar-layout":"default","site-content-layout":"","ast-site-content-layout":"default","site-content-style":"default","site-sidebar-style":"default","ast-global-header-display":"","ast-banner-title-visibility":"","ast-main-header-display":"","ast-hfb-above-header-display":"","ast-hfb-below-header-display":"","ast-hfb-mobile-header-display":"","site-post-title":"","ast-breadcrumbs-content":"","ast-featured-img":"","footer-sml-layout":"","ast-disable-related-posts":"","theme-transparent-header-meta":"","adv-header-id-meta":"","stick-header-meta":"","header-above-stick-meta":"","header-main-stick-meta":"","header-below-stick-meta":"","astra-migrate-meta-layouts":"set","ast-page-background-enabled":"default","ast-page-background-meta":{"desktop":{"background-color":"var(--ast-global-color-4)","background-image":"","background-repeat":"repeat","background-position":"center center","background-size":"auto","background-attachment":"scroll","background-type":"","background-media":"","overlay-type":"","overlay-color":"","overlay-opacity":"","overlay-gradient":""},"tablet":{"background-color":"","background-image":"","background-repeat":"repeat","background-position":"center center","background-size":"auto","background-attachment":"scroll","background-type":"","background-media":"","overlay-type":"","overlay-color":"","overlay-opacity":"","overlay-gradient":""},"mobile":{"background-color":"","background-image":"","background-repeat":"repeat","background-position":"center center","background-size":"auto","background-attachment":"scroll","background-type":"","background-media":"","overlay-type":"","overlay-color":"","overlay-opacity":"","overlay-gradient":""}},"ast-content-background-meta":{"desktop":{"background-color":"var(--ast-global-color-5)","background-image":"","background-repeat":"repeat","background-position":"center center","background-size":"auto","background-attachment":"scroll","background-type":"","background-media":"","overlay-type":"","overlay-color":"","overlay-opacity":"","overlay-gradient":""},"tablet":{"background-color":"var(--ast-global-color-5)","background-image":"","background-repeat":"repeat","background-position":"center center","background-size":"auto","background-attachment":"scroll","background-type":"","background-media":"","overlay-type":"","overlay-color":"","overlay-opacity":"","overlay-gradient":""},"mobile":{"background-color":"var(--ast-global-color-5)","background-image":"","background-repeat":"repeat","background-position":"center center","background-size":"auto","background-attachment":"scroll","background-type":"","background-media":"","overlay-type":"","overlay-color":"","overlay-opacity":"","overlay-gradient":""}},"footnotes":""},"categories":[1],"tags":[],"class_list":["post-24994","post","type-post","status-publish","format-standard","has-post-thumbnail","hentry","category-non-classe"],"spectra_custom_meta":{"_edit_lock":["1761804550:1"],"_thumbnail_id":["24997"],"_uag_custom_page_level_css":[""],"site-sidebar-layout":["default"],"site-content-layout":[""],"ast-site-content-layout":["default"],"site-content-style":["default"],"site-sidebar-style":["default"],"ast-global-header-display":[""],"ast-banner-title-visibility":[""],"ast-main-header-display":[""],"ast-hfb-above-header-display":[""],"ast-hfb-below-header-display":[""],"ast-hfb-mobile-header-display":[""],"site-post-title":[""],"ast-breadcrumbs-content":[""],"ast-featured-img":[""],"footer-sml-layout":[""],"theme-transparent-header-meta":[""],"adv-header-id-meta":[""],"stick-header-meta":[""],"header-above-stick-meta":[""],"header-main-stick-meta":[""],"header-below-stick-meta":[""],"astra-migrate-meta-layouts":["set"],"ast-page-background-enabled":["default"],"ast-page-background-meta":["a:3:{s:7:\"desktop\";a:12:{s:16:\"background-color\";s:25:\"var(--ast-global-color-4)\";s:16:\"background-image\";s:0:\"\";s:17:\"background-repeat\";s:6:\"repeat\";s:19:\"background-position\";s:13:\"center center\";s:15:\"background-size\";s:4:\"auto\";s:21:\"background-attachment\";s:6:\"scroll\";s:15:\"background-type\";s:0:\"\";s:16:\"background-media\";s:0:\"\";s:12:\"overlay-type\";s:0:\"\";s:13:\"overlay-color\";s:0:\"\";s:15:\"overlay-opacity\";s:0:\"\";s:16:\"overlay-gradient\";s:0:\"\";}s:6:\"tablet\";a:12:{s:16:\"background-color\";s:0:\"\";s:16:\"background-image\";s:0:\"\";s:17:\"background-repeat\";s:6:\"repeat\";s:19:\"background-position\";s:13:\"center center\";s:15:\"background-size\";s:4:\"auto\";s:21:\"background-attachment\";s:6:\"scroll\";s:15:\"background-type\";s:0:\"\";s:16:\"background-media\";s:0:\"\";s:12:\"overlay-type\";s:0:\"\";s:13:\"overlay-color\";s:0:\"\";s:15:\"overlay-opacity\";s:0:\"\";s:16:\"overlay-gradient\";s:0:\"\";}s:6:\"mobile\";a:12:{s:16:\"background-color\";s:0:\"\";s:16:\"background-image\";s:0:\"\";s:17:\"background-repeat\";s:6:\"repeat\";s:19:\"background-position\";s:13:\"center center\";s:15:\"background-size\";s:4:\"auto\";s:21:\"background-attachment\";s:6:\"scroll\";s:15:\"background-type\";s:0:\"\";s:16:\"background-media\";s:0:\"\";s:12:\"overlay-type\";s:0:\"\";s:13:\"overlay-color\";s:0:\"\";s:15:\"overlay-opacity\";s:0:\"\";s:16:\"overlay-gradient\";s:0:\"\";}}"],"ast-content-background-meta":["a:3:{s:7:\"desktop\";a:12:{s:16:\"background-color\";s:25:\"var(--ast-global-color-5)\";s:16:\"background-image\";s:0:\"\";s:17:\"background-repeat\";s:6:\"repeat\";s:19:\"background-position\";s:13:\"center center\";s:15:\"background-size\";s:4:\"auto\";s:21:\"background-attachment\";s:6:\"scroll\";s:15:\"background-type\";s:0:\"\";s:16:\"background-media\";s:0:\"\";s:12:\"overlay-type\";s:0:\"\";s:13:\"overlay-color\";s:0:\"\";s:15:\"overlay-opacity\";s:0:\"\";s:16:\"overlay-gradient\";s:0:\"\";}s:6:\"tablet\";a:12:{s:16:\"background-color\";s:25:\"var(--ast-global-color-5)\";s:16:\"background-image\";s:0:\"\";s:17:\"background-repeat\";s:6:\"repeat\";s:19:\"background-position\";s:13:\"center center\";s:15:\"background-size\";s:4:\"auto\";s:21:\"background-attachment\";s:6:\"scroll\";s:15:\"background-type\";s:0:\"\";s:16:\"background-media\";s:0:\"\";s:12:\"overlay-type\";s:0:\"\";s:13:\"overlay-color\";s:0:\"\";s:15:\"overlay-opacity\";s:0:\"\";s:16:\"overlay-gradient\";s:0:\"\";}s:6:\"mobile\";a:12:{s:16:\"background-color\";s:25:\"var(--ast-global-color-5)\";s:16:\"background-image\";s:0:\"\";s:17:\"background-repeat\";s:6:\"repeat\";s:19:\"background-position\";s:13:\"center center\";s:15:\"background-size\";s:4:\"auto\";s:21:\"background-attachment\";s:6:\"scroll\";s:15:\"background-type\";s:0:\"\";s:16:\"background-media\";s:0:\"\";s:12:\"overlay-type\";s:0:\"\";s:13:\"overlay-color\";s:0:\"\";s:15:\"overlay-opacity\";s:0:\"\";s:16:\"overlay-gradient\";s:0:\"\";}}"],"footnotes":[""],"_elementor_edit_mode":[""],"_elementor_template_type":[""],"_elementor_data":[""],"_elementor_conditions":["a:0:{}"],"_edit_last":["1"],"_uag_css_file_name":["uag-css-24994.css"],"_uagb_previous_block_counts":["a:90:{s:21:\"uagb\/advanced-heading\";i:0;s:15:\"uagb\/blockquote\";i:0;s:12:\"uagb\/buttons\";i:0;s:18:\"uagb\/buttons-child\";i:0;s:19:\"uagb\/call-to-action\";i:0;s:15:\"uagb\/cf7-styler\";i:0;s:11:\"uagb\/column\";i:0;s:12:\"uagb\/columns\";i:0;s:14:\"uagb\/container\";i:0;s:21:\"uagb\/content-timeline\";i:0;s:27:\"uagb\/content-timeline-child\";i:0;s:14:\"uagb\/countdown\";i:0;s:12:\"uagb\/counter\";i:0;s:8:\"uagb\/faq\";i:0;s:14:\"uagb\/faq-child\";i:0;s:10:\"uagb\/forms\";i:0;s:17:\"uagb\/forms-accept\";i:0;s:19:\"uagb\/forms-checkbox\";i:0;s:15:\"uagb\/forms-date\";i:0;s:16:\"uagb\/forms-email\";i:0;s:17:\"uagb\/forms-hidden\";i:0;s:15:\"uagb\/forms-name\";i:0;s:16:\"uagb\/forms-phone\";i:0;s:16:\"uagb\/forms-radio\";i:0;s:17:\"uagb\/forms-select\";i:0;s:19:\"uagb\/forms-textarea\";i:0;s:17:\"uagb\/forms-toggle\";i:0;s:14:\"uagb\/forms-url\";i:0;s:14:\"uagb\/gf-styler\";i:0;s:15:\"uagb\/google-map\";i:0;s:11:\"uagb\/how-to\";i:0;s:16:\"uagb\/how-to-step\";i:0;s:9:\"uagb\/icon\";i:0;s:14:\"uagb\/icon-list\";i:0;s:20:\"uagb\/icon-list-child\";i:0;s:10:\"uagb\/image\";i:0;s:18:\"uagb\/image-gallery\";i:0;s:13:\"uagb\/info-box\";i:0;s:18:\"uagb\/inline-notice\";i:0;s:11:\"uagb\/lottie\";i:0;s:21:\"uagb\/marketing-button\";i:0;s:10:\"uagb\/modal\";i:0;s:18:\"uagb\/popup-builder\";i:0;s:16:\"uagb\/post-button\";i:0;s:18:\"uagb\/post-carousel\";i:0;s:17:\"uagb\/post-excerpt\";i:0;s:14:\"uagb\/post-grid\";i:0;s:15:\"uagb\/post-image\";i:0;s:17:\"uagb\/post-masonry\";i:0;s:14:\"uagb\/post-meta\";i:0;s:18:\"uagb\/post-taxonomy\";i:0;s:18:\"uagb\/post-timeline\";i:0;s:15:\"uagb\/post-title\";i:0;s:20:\"uagb\/restaurant-menu\";i:0;s:26:\"uagb\/restaurant-menu-child\";i:0;s:11:\"uagb\/review\";i:0;s:12:\"uagb\/section\";i:0;s:14:\"uagb\/separator\";i:0;s:11:\"uagb\/slider\";i:0;s:17:\"uagb\/slider-child\";i:0;s:17:\"uagb\/social-share\";i:0;s:23:\"uagb\/social-share-child\";i:0;s:16:\"uagb\/star-rating\";i:0;s:23:\"uagb\/sure-cart-checkout\";i:0;s:22:\"uagb\/sure-cart-product\";i:0;s:15:\"uagb\/sure-forms\";i:0;s:22:\"uagb\/table-of-contents\";i:0;s:9:\"uagb\/tabs\";i:0;s:15:\"uagb\/tabs-child\";i:0;s:18:\"uagb\/taxonomy-list\";i:0;s:9:\"uagb\/team\";i:0;s:16:\"uagb\/testimonial\";i:0;s:14:\"uagb\/wp-search\";i:0;s:19:\"uagb\/instagram-feed\";i:0;s:10:\"uagb\/login\";i:0;s:17:\"uagb\/loop-builder\";i:0;s:18:\"uagb\/loop-category\";i:0;s:20:\"uagb\/loop-pagination\";i:0;s:15:\"uagb\/loop-reset\";i:0;s:16:\"uagb\/loop-search\";i:0;s:14:\"uagb\/loop-sort\";i:0;s:17:\"uagb\/loop-wrapper\";i:0;s:13:\"uagb\/register\";i:0;s:19:\"uagb\/register-email\";i:0;s:24:\"uagb\/register-first-name\";i:0;s:23:\"uagb\/register-last-name\";i:0;s:22:\"uagb\/register-password\";i:0;s:30:\"uagb\/register-reenter-password\";i:0;s:19:\"uagb\/register-terms\";i:0;s:22:\"uagb\/register-username\";i:0;}"]},"uagb_featured_image_src":{"full":["https:\/\/www.cortenplus.com\/wp-content\/uploads\/2025\/10\/pexels-photo-925728-925728.jpg",2560,1707,false],"thumbnail":["https:\/\/www.cortenplus.com\/wp-content\/uploads\/2025\/10\/pexels-photo-925728-925728-150x150.jpg",150,150,true],"medium":["https:\/\/www.cortenplus.com\/wp-content\/uploads\/2025\/10\/pexels-photo-925728-925728-300x200.jpg",300,200,true],"medium_large":["https:\/\/www.cortenplus.com\/wp-content\/uploads\/2025\/10\/pexels-photo-925728-925728-768x512.jpg",768,512,true],"large":["https:\/\/www.cortenplus.com\/wp-content\/uploads\/2025\/10\/pexels-photo-925728-925728-1024x683.jpg",1024,683,true],"1536x1536":["https:\/\/www.cortenplus.com\/wp-content\/uploads\/2025\/10\/pexels-photo-925728-925728-1536x1024.jpg",1536,1024,true],"2048x2048":["https:\/\/www.cortenplus.com\/wp-content\/uploads\/2025\/10\/pexels-photo-925728-925728-2048x1366.jpg",2048,1366,true],"trp-custom-language-flag":["https:\/\/www.cortenplus.com\/wp-content\/uploads\/2025\/10\/pexels-photo-925728-925728-18x12.jpg",18,12,true],"woocommerce_thumbnail":["https:\/\/www.cortenplus.com\/wp-content\/uploads\/2025\/10\/pexels-photo-925728-925728-300x300.jpg",300,300,true],"woocommerce_single":["https:\/\/www.cortenplus.com\/wp-content\/uploads\/2025\/10\/pexels-photo-925728-925728-600x400.jpg",600,400,true],"woocommerce_gallery_thumbnail":["https:\/\/www.cortenplus.com\/wp-content\/uploads\/2025\/10\/pexels-photo-925728-925728-100x100.jpg",100,100,true]},"uagb_author_info":{"display_name":"admin","author_link":"https:\/\/www.cortenplus.com\/hu\/author\/admin2721\/"},"uagb_comment_info":0,"uagb_excerpt":"Corten steel, also known as weathering steel, is one of the most fascinating materials used in modern design, landscaping, and architecture. Its distinctive rusty color gives an authentic, natural, and industrial character to any project \u2014 from sculptures and garden planters to building fa\u00e7ades and outdoor furniture. However, one question comes up again and again:&hellip;","_links":{"self":[{"href":"https:\/\/www.cortenplus.com\/hu\/wp-json\/wp\/v2\/posts\/24994","targetHints":{"allow":["GET"]}}],"collection":[{"href":"https:\/\/www.cortenplus.com\/hu\/wp-json\/wp\/v2\/posts"}],"about":[{"href":"https:\/\/www.cortenplus.com\/hu\/wp-json\/wp\/v2\/types\/post"}],"author":[{"embeddable":true,"href":"https:\/\/www.cortenplus.com\/hu\/wp-json\/wp\/v2\/users\/1"}],"replies":[{"embeddable":true,"href":"https:\/\/www.cortenplus.com\/hu\/wp-json\/wp\/v2\/comments?post=24994"}],"version-history":[{"count":2,"href":"https:\/\/www.cortenplus.com\/hu\/wp-json\/wp\/v2\/posts\/24994\/revisions"}],"predecessor-version":[{"id":25030,"href":"https:\/\/www.cortenplus.com\/hu\/wp-json\/wp\/v2\/posts\/24994\/revisions\/25030"}],"wp:featuredmedia":[{"embeddable":true,"href":"https:\/\/www.cortenplus.com\/hu\/wp-json\/wp\/v2\/media\/24997"}],"wp:attachment":[{"href":"https:\/\/www.cortenplus.com\/hu\/wp-json\/wp\/v2\/media?parent=24994"}],"wp:term":[{"taxonomy":"category","embeddable":true,"href":"https:\/\/www.cortenplus.com\/hu\/wp-json\/wp\/v2\/categories?post=24994"},{"taxonomy":"post_tag","embeddable":true,"href":"https:\/\/www.cortenplus.com\/hu\/wp-json\/wp\/v2\/tags?post=24994"}],"curies":[{"name":"wp","href":"https:\/\/api.w.org\/{rel}","templated":true}]}}