{"id":24971,"date":"2025-10-29T07:03:44","date_gmt":"2025-10-29T06:03:44","guid":{"rendered":"https:\/\/www.cortenplus.com\/?p=24971"},"modified":"2025-10-30T07:22:25","modified_gmt":"2025-10-30T06:22:25","slug":"how-to-treat-and-protect-corten-steel","status":"publish","type":"post","link":"https:\/\/www.cortenplus.com\/hu\/how-to-treat-and-protect-corten-steel\/","title":{"rendered":"Hogyan kezelj\u00fck \u00e9s v\u00e9dj\u00fck a Corten ac\u00e9lt?"},"content":{"rendered":"<p>A Corten ac\u00e9l - m\u00e1s n\u00e9ven id\u0151j\u00e1r\u00e1s\u00e1ll\u00f3 ac\u00e9l - az \u00e9p\u00edt\u00e9szek, tervez\u0151k, kert\u00e9p\u00edt\u0151k \u00e9s f\u00e9mm\u0171v\u00e9szek kedvenc anyag\u00e1v\u00e1 v\u00e1lt. Jellegzetes, meleg, narancsbarna patin\u00e1ja, ipari megjelen\u00e9se \u00e9s a l\u00e9gk\u00f6ri korr\u00f3zi\u00f3val szembeni kiv\u00e9teles ellen\u00e1ll\u00e1sa egyszerre teszi funkcion\u00e1liss\u00e1 \u00e9s eszt\u00e9tikuss\u00e1. Tart\u00f3ss\u00e1ga ellen\u00e9re azonban a Corten ac\u00e9l megfelel\u0151 kezel\u00e9st \u00e9s v\u00e9delmet ig\u00e9nyel a patina megfelel\u0151 kialakul\u00e1s\u00e1hoz, valamint a hosszan tart\u00f3 sz\u00e9ps\u00e9g \u00e9s teljes\u00edtm\u00e9ny biztos\u00edt\u00e1s\u00e1hoz.<\/p>\n\n\n\n<p>Ebben a cikkben elmagyar\u00e1zzuk, hogy mi a Corten ac\u00e9l, mi\u00e9rt \u00e9s hogyan kell megfelel\u0151en kezelni, \u00e9s hogyan lehet megv\u00e9deni a nem k\u00edv\u00e1nt s\u00e9r\u00fcl\u00e9sekt\u0151l vagy foltokt\u00f3l. Megosztjuk tov\u00e1bb\u00e1 az Corten+, a Corten ac\u00e9lkezel\u0151 term\u00e9kek, k\u00f6zt\u00fck a savmentes rozsdagyors\u00edt\u00f3, v\u00edzk\u0151old\u00f3, zs\u00edrtalan\u00edt\u00f3 \u00e9s v\u00e9d\u0151t\u00f6m\u00edt\u0151 term\u00e9kek vezet\u0151 sz\u00e1ll\u00edt\u00f3j\u00e1nak szakmai aj\u00e1nl\u00e1sait.<\/p>\n\n\n\n<hr class=\"wp-block-separator has-alpha-channel-opacity\"\/>\n\n\n\n<h2 class=\"wp-block-heading\">Mi a Corten ac\u00e9l?<\/h2>\n\n\n\n<p>A Corten ac\u00e9l (a CORrosion resistance (korr\u00f3zi\u00f3\u00e1ll\u00f3s\u00e1g) \u00e9s a TENsile strength (szak\u00edt\u00f3szil\u00e1rds\u00e1g) r\u00f6vid\u00edt\u00e9se) egy speci\u00e1lis ac\u00e9lfajta, amelyet \u00fagy terveztek, hogy az id\u0151j\u00e1r\u00e1snak val\u00f3 kitetts\u00e9g ut\u00e1n stabil rozsdaszer\u0171 megjelen\u00e9st k\u00e9pezzen. A k\u00f6z\u00f6ns\u00e9ges ac\u00e9llal ellent\u00e9tben, amely addig korrod\u00e1l\u00f3dik, am\u00edg sz\u00e9t nem esik, a Corten ac\u00e9l fel\u00fcleti oxid\u00e1ci\u00f3ja egy v\u00e9d\u0151r\u00e9teget hoz l\u00e9tre, amely megakad\u00e1lyozza a m\u00e9lyebb korr\u00f3zi\u00f3t.<\/p>\n\n\n\n<p>Ez a patin\u00e1nak nevezett v\u00e9d\u0151r\u00e9teg id\u0151vel kialakul, \u00e9s a Corten ac\u00e9lnak adja a jellegzetes f\u00f6ldsz\u00edn\u0171, narancsbarna sz\u00edn\u00e9t. Term\u00e9szetes eszt\u00e9tik\u00e1ja \u00e9s hossz\u00fa \u00e9lettartama miatt sz\u00e9les k\u00f6rben haszn\u00e1lj\u00e1k az \u00e9p\u00edt\u00e9szetben, a kerttervez\u00e9sben, a k\u00f6zt\u00e9ri m\u0171v\u00e9szetben \u00e9s a modern \u00e9p\u00edt\u0151iparban.<\/p>\n\n\n\n<p>A patina megfelel\u0151 el\u00e9r\u00e9se \u00e9s fenntart\u00e1sa azonban megfelel\u0151 el\u0151k\u00e9sz\u00edt\u00e9st, ellen\u0151rz\u00f6tt oxid\u00e1ci\u00f3t \u00e9s v\u00e9delmet ig\u00e9nyel - h\u00e1rom olyan l\u00e9p\u00e9s, amely k\u00fcl\u00f6nbs\u00e9get tesz a gy\u00f6ny\u00f6r\u0171, tart\u00f3s eredm\u00e9ny \u00e9s az id\u0151 el\u0151tti korr\u00f3zi\u00f3 vagy a fel\u00fcleti k\u00e1rosod\u00e1s k\u00f6z\u00f6tt.<\/p>\n\n\n\n<hr class=\"wp-block-separator has-alpha-channel-opacity\"\/>\n\n\n\n<h2 class=\"wp-block-heading\">1. l\u00e9p\u00e9s: A fel\u00fclet el\u0151k\u00e9sz\u00edt\u00e9se<\/h2>\n\n\n\n<p>Az oxid\u00e1ci\u00f3s folyamat megkezd\u00e9se el\u0151tt az ac\u00e9lfel\u00fcletet megfelel\u0151en el\u0151 kell k\u00e9sz\u00edteni. Ez az el\u0151k\u00e9sz\u00edt\u00e9s att\u00f3l f\u00fcgg, hogy a Corten ac\u00e9l melegen vagy hidegen hengerelt.<\/p>\n\n\n\n<h3 class=\"wp-block-heading\">Melegen hengerelt vs. hidegen hengerelt Corten ac\u00e9l meg\u00e9rt\u00e9se<\/h3>\n\n\n\n<p>A k\u00fcl\u00f6nbs\u00e9g els\u0151sorban a gy\u00e1rt\u00e1si folyamatban \u00e9s a vastags\u00e1gban rejlik:<\/p>\n\n\n\n<ul class=\"wp-block-list\">\n<li>A hidegen hengerelt Corten ac\u00e9l \u00e1ltal\u00e1ban 2,5 mm-n\u00e9l vastagabb \u00e9s sim\u00e1bb fel\u00fclet\u0171. Gyakran haszn\u00e1lj\u00e1k dekor\u00e1ci\u00f3s panelekhez, bels\u0151\u00e9p\u00edt\u00e9szethez \u00e9s v\u00e9kony f\u00e9mlemezekhez.<\/li>\n\n\n\n<li>A melegen hengerelt Corten ac\u00e9l jellemz\u0151en t\u00f6bb mint 2,5 mm vastag \u00e9s durv\u00e1bb, s\u00f6t\u00e9tebb fel\u00fclet\u0171. Szerkezeti alkalmaz\u00e1sokban, \u00fcltet\u0151kben, szobrokban \u00e9s k\u00fclt\u00e9ri install\u00e1ci\u00f3kban haszn\u00e1lj\u00e1k.<\/li>\n<\/ul>\n\n\n\n<blockquote class=\"wp-block-quote is-layout-flow wp-block-quote-is-layout-flow\">\n<p>\u26a0\ufe0f Fontos: Ez a vastags\u00e1gi szab\u00e1ly csak ir\u00e1nymutat\u00e1s. Ha biztos akar lenni abban, hogy az ac\u00e9l melegen vagy hidegen hengerelt-e, mindig er\u0151s\u00edtse meg a hengerl\u00e9si elj\u00e1r\u00e1st a besz\u00e1ll\u00edt\u00f3j\u00e1val.<\/p>\n<\/blockquote>\n\n\n\n<p>Mindegyik t\u00edpus m\u00e1s-m\u00e1s kezel\u00e9st ig\u00e9nyel, miel\u0151tt a rozsd\u00e1sod\u00e1s megkezd\u0151dne.<\/p>\n\n\n\n<hr class=\"wp-block-separator has-alpha-channel-opacity\"\/>\n\n\n\n<h3 class=\"wp-block-heading\">Ha az \u00d6n Corten ac\u00e9lja melegen hengerelt: elt\u00e1vol\u00edtani a malomk\u0151<\/h3>\n\n\n\n<p>A melegen hengerelt Corten ac\u00e9lt egy s\u00f6t\u00e9t, k\u00e9kes sz\u00edn\u0171 r\u00e9teg, az \u00fagynevezett malomk\u0151 bor\u00edtja, amely a gy\u00e1rt\u00e1si folyamat mell\u00e9kterm\u00e9ke. Ez a r\u00e9teg megakad\u00e1lyozza az ac\u00e9l egyenletes rozsd\u00e1sod\u00e1s\u00e1t, ez\u00e9rt a rozsdagyors\u00edt\u00f3 alkalmaz\u00e1sa el\u0151tt el kell t\u00e1vol\u00edtani.<\/p>\n\n\n\n<p>Az Corten+-n\u00e9l javasoljuk a fel\u00fclet homokf\u00fav\u00e1s\u00e1t (vagy szemcsesz\u00f3r\u00e1s). Ez a mechanikus m\u00f3dszer alaposan elt\u00e1vol\u00edtja a malomk\u0151zetet, tiszta, enyh\u00e9n \u00e9rdes text\u00far\u00e1t hagyva maga ut\u00e1n, amely t\u00f6k\u00e9letes az oxid\u00e1ci\u00f3hoz.<\/p>\n\n\n\n<p><a href=\"https:\/\/www.cortenplus.com\/hu\/products\/descaler\/\" data-type=\"link\" data-id=\"https:\/\/www.cortenplus.com\/products\/descaler\/\">Ha azonban nincs hozz\u00e1f\u00e9r\u00e9se homokf\u00fav\u00f3g\u00e9phez, k\u00edn\u00e1lunk egy er\u0151teljes alternat\u00edv\u00e1t: az Corten+ v\u00edzk\u0151old\u00f3 (m\u00e1s n\u00e9ven <em>V\u00edzk\u0151old\u00f3<\/em> angolul). <\/a>Ez a term\u00e9k kifejezetten a malomk\u0151 biztons\u00e1gos \u00e9s hat\u00e9kony k\u00e9miai elt\u00e1vol\u00edt\u00e1s\u00e1ra szolg\u00e1l.<\/p>\n\n\n\n<h4 class=\"wp-block-heading\">Az Corten+ v\u00edzk\u0151old\u00f3 haszn\u00e1lata<\/h4>\n\n\n\n<ol class=\"wp-block-list\">\n<li>A term\u00e9ket egyenletesen permetezze az ac\u00e9l fel\u00fclet\u00e9re.<\/li>\n\n\n\n<li>Hagyja hatni az aj\u00e1nlott ideig (l\u00e1sd a flakonon tal\u00e1lhat\u00f3 utas\u00edt\u00e1sokat).<\/li>\n\n\n\n<li>A fel\u00fcletet alaposan \u00f6bl\u00edtse le v\u00edzzel a marad\u00e9kok semleges\u00edt\u00e9se \u00e9s elt\u00e1vol\u00edt\u00e1sa \u00e9rdek\u00e9ben.<\/li>\n<\/ol>\n\n\n\n<p>Mivel az Corten+ v\u00edzk\u0151old\u00f3 er\u0151s term\u00e9k, az \u00f6bl\u00edt\u00e9s elengedhetetlen ahhoz, hogy az ac\u00e9l t\u00f6k\u00e9letesen tiszta \u00e9s k\u00e9szen \u00e1lljon a k\u00f6vetkez\u0151 l\u00e9p\u00e9sre.<\/p>\n\n\n\n<hr class=\"wp-block-separator has-alpha-channel-opacity\"\/>\n\n\n\n<h3 class=\"wp-block-heading\">Ha a Corten ac\u00e9l hidegen hengerelt: Zs\u00edrtalan\u00edtsa a fel\u00fcletet<\/h3>\n\n\n\n<p>A hidegen hengerelt Corten ac\u00e9l nem rendelkezik malomk\u0151vel, de a gy\u00e1rt\u00e1s sor\u00e1n felhordott v\u00e9d\u0151zs\u00edrr\u00e9teggel rendelkezik, amely megakad\u00e1lyozza a korai rozsd\u00e1sod\u00e1st. Ez a zs\u00edr rendk\u00edv\u00fcl ellen\u00e1ll\u00f3, \u00e9s nem t\u00e1vol\u00edthat\u00f3 el a szok\u00e1sos h\u00e1ztart\u00e1si zs\u00edrtalan\u00edt\u00f3kkal.<\/p>\n\n\n\n<p>A megfelel\u0151 oxid\u00e1ci\u00f3 biztos\u00edt\u00e1sa \u00e9rdek\u00e9ben speci\u00e1lis, Corten ac\u00e9lhoz tervezett zs\u00edrtalan\u00edt\u00f3t kell haszn\u00e1lnia - p\u00e9ld\u00e1ul az Corten+ zs\u00edrtalan\u00edt\u00f3t.<\/p>\n\n\n\n<h4 class=\"wp-block-heading\">Mi\u00e9rt van sz\u00fcks\u00e9g speci\u00e1lis zs\u00edrtalan\u00edt\u00f3ra?<\/h4>\n\n\n\n<p>A hidegen hengerelt ac\u00e9lra haszn\u00e1lt zs\u00edr nagyon tart\u00f3s, mert v\u00e9di az ac\u00e9lt a t\u00e1rol\u00e1s \u00e9s a sz\u00e1ll\u00edt\u00e1s sor\u00e1n. A szok\u00e1sos zs\u00edrtalan\u00edt\u00f3k gyakran nem tudj\u00e1k teljesen elt\u00e1vol\u00edtani, \u00e9s olyan maradv\u00e1nyokat hagynak maguk ut\u00e1n, amelyek akad\u00e1lyozz\u00e1k az oxid\u00e1ci\u00f3t \u00e9s egyenetlen rozsd\u00e1sod\u00e1st okoznak.<\/p>\n\n\n\n<p><a href=\"https:\/\/www.cortenplus.com\/hu\/products\/degreaser\/\">Az Corten+ zs\u00edrtalan\u00edt\u00f3t \u00fagy alkott\u00e1k meg, hogy teljesen feloldja ezt a fajta ipari zs\u00edrt, \u00edgy a fel\u00fclet t\u00f6k\u00e9letesen tiszta \u00e9s k\u00e9szen \u00e1ll a rozsda gyors\u00edt\u00e1s\u00e1ra.<\/a><\/p>\n\n\n\n<h4 class=\"wp-block-heading\">Alkalmaz\u00e1si l\u00e9p\u00e9sek<\/h4>\n\n\n\n<ol class=\"wp-block-list\">\n<li>Az Corten+ zs\u00edrtalan\u00edt\u00f3t egyenletesen permetezze vagy vigye fel a fel\u00fcletre.<\/li>\n\n\n\n<li>Hagyja hatni n\u00e9h\u00e1ny percig a term\u00e9k utas\u00edt\u00e1sainak megfelel\u0151en.<\/li>\n\n\n\n<li>\u00d6bl\u00edtse le tiszta v\u00edzzel, \u00e9s hagyja megsz\u00e1radni az ac\u00e9lt.<\/li>\n<\/ol>\n\n\n\n<p>Ha ez a tiszt\u00edt\u00e1si l\u00e9p\u00e9s megt\u00f6rt\u00e9nt, a Corten ac\u00e9l k\u00e9szen \u00e1ll az oxid\u00e1ci\u00f3ra.<\/p>\n\n\n\n<hr class=\"wp-block-separator has-alpha-channel-opacity\"\/>\n\n\n\n<h2 class=\"wp-block-heading\">2. l\u00e9p\u00e9s: A rozsd\u00e1sod\u00e1s (oxid\u00e1ci\u00f3) folyamat\u00e1nak felgyors\u00edt\u00e1sa<\/h2>\n\n\n\n<p>Ebben a l\u00e9p\u00e9sben t\u00f6rt\u00e9nik a legt\u00f6bb hiba. Sokan megpr\u00f3b\u00e1lj\u00e1k felgyors\u00edtani a rozsd\u00e1sod\u00e1si folyamatot savalap\u00fa term\u00e9kekkel, azt gondolv\u00e1n, hogy ez seg\u00edt a Corten ac\u00e9l gyorsabb patin\u00e1sod\u00e1s\u00e1ban. B\u00e1r a savak val\u00f3ban gyorsan rozsd\u00e1t k\u00e9peznek, ugyanakkor t\u00f6nkreteszik a Corten ac\u00e9l v\u00e9d\u0151 tulajdons\u00e1gait - ami ellen\u0151rizetlen korr\u00f3zi\u00f3hoz, perfor\u00e1ci\u00f3hoz \u00e9s hossz\u00fa t\u00e1v\u00fa k\u00e1rosod\u00e1shoz vezet.<\/p>\n\n\n\n<h3 class=\"wp-block-heading\">A sav alap\u00fa rozsdagyors\u00edt\u00f3kkal kapcsolatos probl\u00e9ma<\/h3>\n\n\n\n<p>A sav megt\u00e1madja az ac\u00e9l fel\u00fclet\u00e9t, \u00e9s elind\u00edtja a korr\u00f3zi\u00f3s folyamatot, amely soha nem \u00e1ll meg. M\u00e9g ha az ac\u00e9l a felsz\u00ednen rozsd\u00e1snak is t\u0171nik, a sav tov\u00e1bbra is behatol a f\u00e9m al\u00e1, \u00e9s tov\u00e1bb bontja azt. Id\u0151vel ez lyukakhoz, szerkezeti gyenges\u00e9ghez \u00e9s visszaford\u00edthatatlan k\u00e1rokhoz vezethet.<\/p>\n\n\n\n<p>R\u00e1ad\u00e1sul a savalap\u00fa kezel\u00e9sek kezel\u00e9se vesz\u00e9lyes, v\u00e9d\u0151felszerel\u00e9st \u00e9s gyakran semleges\u00edt\u0151 \u201cstopf\u00fcrd\u0151t\u201d ig\u00e9nyel a k\u00e9miai reakci\u00f3 le\u00e1ll\u00edt\u00e1sa \u00e9rdek\u00e9ben. Ez bonyolultabb\u00e1, k\u00f6lts\u00e9gesebb\u00e9 \u00e9s kock\u00e1zatosabb\u00e1 teszi a folyamatot.<\/p>\n\n\n\n<h3 class=\"wp-block-heading\">Mi\u00e9rt v\u00e1lassza az Corten+ rozsdagyors\u00edt\u00f3t?<\/h3>\n\n\n\n<p>Ez az a pont, ahol az Corten+ val\u00f3di k\u00fcl\u00f6nbs\u00e9get jelent. <a href=\"https:\/\/www.cortenplus.com\/hu\/products\/rust-accelerator\/\">Az Corten+ rozsdagyors\u00edt\u00f3 100% savmentes.<\/a> Term\u00e9szetes oxid\u00e1ci\u00f3s folyamatot ind\u00edt el an\u00e9lk\u00fcl, hogy k\u00e1ros\u00edtan\u00e1 az ac\u00e9lt vagy vesz\u00e9lyeztetn\u00e9 a felhaszn\u00e1l\u00f3t.<\/p>\n\n\n\n<h4 class=\"wp-block-heading\">F\u0151bb el\u0151ny\u00f6k:<\/h4>\n\n\n\n<ul class=\"wp-block-list\">\n<li>Savmentes \u00e9s korr\u00f3zi\u00f3mentes: Megv\u00e9di a f\u00e9m \u00e9ps\u00e9g\u00e9t.<\/li>\n\n\n\n<li>Biztons\u00e1gos a felhaszn\u00e1l\u00f3k sz\u00e1m\u00e1ra: Nincs m\u00e9rgez\u0151 g\u0151z vagy mar\u00f3 reakci\u00f3.<\/li>\n\n\n\n<li>Nincs sz\u00fcks\u00e9g meg\u00e1ll\u00f3f\u00fcrd\u0151re: A folyamat \u00f6nkorl\u00e1toz\u00f3 \u00e9s szab\u00e1lyozott.<\/li>\n\n\n\n<li>K\u00f6lts\u00e9ghat\u00e9kony: Mivel nincs sz\u00fcks\u00e9g t\u00f6bb kieg\u00e9sz\u00edt\u0151 term\u00e9kre, az Corten+ rendszer ak\u00e1r h\u00e1romszor olcs\u00f3bb, mint a savalap\u00fa alternat\u00edv\u00e1k.<\/li>\n\n\n\n<li>Gyors \u00e9s egys\u00e9ges eredm\u00e9nyek: El\u0151seg\u00edti az egyenletes rozsd\u00e1sod\u00e1st a fel\u00fcleten.<\/li>\n<\/ul>\n\n\n\n<p>Az Corten+ rozsdagyors\u00edt\u00f3 a term\u00e9szetes id\u0151j\u00e1r\u00e1si k\u00f6r\u00fclm\u00e9nyeket ut\u00e1nozza - de t\u00f6bb h\u00f3nap helyett csak n\u00e9h\u00e1ny \u00f3ra alatt.<\/p>\n\n\n\n<hr class=\"wp-block-separator has-alpha-channel-opacity\"\/>\n\n\n\n<h3 class=\"wp-block-heading\">Hogyan kell alkalmazni az Corten+ rozsdagyors\u00edt\u00f3t?<\/h3>\n\n\n\n<ol class=\"wp-block-list\">\n<li>El\u0151k\u00e9sz\u00edt\u00e9s: A v\u00edzk\u0151mentes\u00edt\u00e9s vagy zs\u00edrtalan\u00edt\u00e1s ut\u00e1n gy\u0151z\u0151dj\u00f6n meg arr\u00f3l, hogy a fel\u00fclet teljesen tiszta \u00e9s sz\u00e1raz.<\/li>\n\n\n\n<li>Alkalmaz\u00e1s: A rozsdagyors\u00edt\u00f3t egyenletesen f\u00fajja be a fel\u00fcletre. Ker\u00fclje a k\u00f6zvetlen napf\u00e9nyben vagy nagyon szeles k\u00f6r\u00fclm\u00e9nyek k\u00f6z\u00f6tt t\u00f6rt\u00e9n\u0151 alkalmaz\u00e1st.<\/li>\n\n\n\n<li>Reakci\u00f3: A fel\u00fclet n\u00e9h\u00e1ny \u00f3r\u00e1n bel\u00fcl narancssz\u00edn\u0171v\u00e9 v\u00e1lik, ahogy az oxid\u00e1ci\u00f3 megkezd\u0151dik.<\/li>\n\n\n\n<li>Megfigyel\u00e9s: A k\u00f6vetkez\u0151 24-48 \u00f3ra alatt a patina gazdag, term\u00e9szetes rozsdaf\u00e9ny\u0171v\u00e9 v\u00e1lik.<\/li>\n<\/ol>\n\n\n\n<p>A k\u00edv\u00e1nt \u00e1rnyalatt\u00f3l f\u00fcgg\u0151en (vil\u00e1gos narancs, m\u00e9ly narancs vagy s\u00f6t\u00e9tebb barna) tov\u00e1bbi r\u00e9tegeket alkalmazhat, am\u00edg el nem \u00e9ri a k\u00edv\u00e1nt sz\u00ednt.<\/p>\n\n\n\n<p>Mivel a term\u00e9k nem tartalmaz savat, nem kell semleges\u00edteni vagy le\u00f6bl\u00edteni ut\u00e1na. Az oxid\u00e1ci\u00f3s folyamat term\u00e9szetes m\u00f3don le\u00e1ll, amikor a f\u00e9mfel\u00fclet stabiliz\u00e1l\u00f3dik.<\/p>\n\n\n\n<hr class=\"wp-block-separator has-alpha-channel-opacity\"\/>\n\n\n\n<h3 class=\"wp-block-heading\">A savalap\u00fa \u00e9s az Corten+ oxid\u00e1ci\u00f3s rendszerek \u00f6sszehasonl\u00edt\u00e1sa<\/h3>\n\n\n\n<figure class=\"wp-block-table\"><table class=\"has-fixed-layout\"><thead><tr><th>Jellemz\u0151<\/th><th>Sav alap\u00fa gyors\u00edt\u00f3k<\/th><th><strong>Corten+ rozsdagyors\u00edt\u00f3<\/strong><\/th><\/tr><\/thead><tbody><tr><td>K\u00e9miai \u00f6sszet\u00e9tel<\/td><td>Savakat tartalmaz<\/td><td>100% savmentes<\/td><\/tr><tr><td>Korr\u00f3zi\u00f3s kock\u00e1zat<\/td><td>Magas - a korr\u00f3zi\u00f3 id\u0151vel folytat\u00f3dik<\/td><td>Nincs - az oxid\u00e1ci\u00f3 \u00f6nkorl\u00e1toz\u00f3<\/td><\/tr><tr><td>Biztons\u00e1g a felhaszn\u00e1l\u00f3k sz\u00e1m\u00e1ra<\/td><td>Vesz\u00e9lyes, m\u00e9rgez\u0151 f\u00fcst\u00f6k<\/td><td>Biztons\u00e1gos, nem m\u00e9rgez\u0151<\/td><\/tr><tr><td>Sz\u00fcks\u00e9ges Stop Bath<\/td><td>Igen<\/td><td>Nem<\/td><\/tr><tr><td>Hossz\u00fa t\u00e1v\u00fa hat\u00e1s<\/td><td>K\u00e1rosodott ac\u00e9l<\/td><td>V\u00e9di az ac\u00e9lt<\/td><\/tr><tr><td>K\u00f6lts\u00e9gek<\/td><td>Magas (t\u00f6bb term\u00e9ket ig\u00e9nyel)<\/td><td>Als\u00f3 (egyl\u00e9p\u00e9ses megold\u00e1s)<\/td><\/tr><tr><td>Megjelen\u00e9s<\/td><td>Mesters\u00e9ges, szab\u00e1lytalan rozsda<\/td><td>Term\u00e9szetes, egyenletes patina<\/td><\/tr><\/tbody><\/table><\/figure>\n\n\n\n<p>Egy\u00e9rtelm\u0171, hogy az Corten+ a legbiztons\u00e1gosabb, legtart\u00f3sabb \u00e9s leggazdas\u00e1gosabb megold\u00e1st k\u00edn\u00e1lja a gy\u00f6ny\u00f6r\u0171 Corten kivitel el\u00e9r\u00e9s\u00e9hez.<\/p>\n\n\n\n<hr class=\"wp-block-separator has-alpha-channel-opacity\"\/>\n\n\n\n<h2 class=\"wp-block-heading\">3. l\u00e9p\u00e9s: A fel\u00fclet v\u00e9delme<\/h2>\n\n\n\n<p>Ha az ac\u00e9l el\u00e9rte a k\u00edv\u00e1nt rozsdasz\u00ednt, a k\u00f6vetkez\u0151 l\u00e9p\u00e9s a v\u00e9delem. Ez a l\u00e9p\u00e9s kulcsfontoss\u00e1g\u00fa, k\u00fcl\u00f6n\u00f6sen az olyan k\u00fclt\u00e9ri alkalmaz\u00e1sok eset\u00e9ben, mint a n\u00f6v\u00e9nytart\u00f3k, t\u0171zrak\u00f3helyek, homlokzatok \u00e9s kerti szobrok.<\/p>\n\n\n\n<h3 class=\"wp-block-heading\">Mi\u00e9rt van sz\u00fcks\u00e9g v\u00e9delemre<\/h3>\n\n\n\n<p>B\u00e1r a Corten-ac\u00e9l id\u0151j\u00e1r\u00e1s\u00e1ll\u00f3, a rozsdar\u00e9teg m\u00e9gis rozsd\u00e1t ereszthet, ha es\u0151nek vagy nedvess\u00e9gnek van kit\u00e9ve. Ezek a barn\u00e1s-narancss\u00e1rga cs\u00f6p\u00f6g\u00e9sek elsz\u00ednezhetik a k\u00f6zeli fel\u00fcleteket, p\u00e9ld\u00e1ul a k\u00f6vet, betont, m\u00e1rv\u00e1nyt, csemp\u00e9t vagy f\u00e1t. Ezenk\u00edv\u00fcl, ha valaki a Corten-fel\u00fcletet ecsettel \u00e9rinti, a rozsdapor \u00e1tker\u00fclhet a ruh\u00e1kra, \u00e9s makacs foltokat hagyhat maga ut\u00e1n.<\/p>\n\n\n\n<p>E probl\u00e9m\u00e1k elker\u00fcl\u00e9se \u00e9rdek\u00e9ben fontos, hogy a fel\u00fcletet megfelel\u0151 Corten t\u00f6m\u00edt\u0151anyaggal (m\u00e1s n\u00e9ven lakk vagy v\u00e9d\u0151bevonat) z\u00e1rja le.<\/p>\n\n\n\n<hr class=\"wp-block-separator has-alpha-channel-opacity\"\/>\n\n\n\n<h3 class=\"wp-block-heading\">Az Corten+ t\u00f6m\u00edt\u0151 el\u0151nyei<\/h3>\n\n\n\n<p><a href=\"https:\/\/www.cortenplus.com\/hu\/products\/sealer\/\">Az Corten+ t\u00f6m\u00edt\u0151anyagot kifejezetten a Corten ac\u00e9lhoz fejlesztett\u00e9k ki.<\/a> L\u00e1thatatlan, l\u00e9g\u00e1tereszt\u0151 \u00e9s v\u00edz\u00e1ll\u00f3 r\u00e9teget k\u00e9pez, amely v\u00e9di a f\u00e9met \u00e9s a k\u00f6rnyezet\u00e9t egyar\u00e1nt.<\/p>\n\n\n\n<h4 class=\"wp-block-heading\">F\u0151 el\u0151ny\u00f6k:<\/h4>\n\n\n\n<ul class=\"wp-block-list\">\n<li>Megakad\u00e1lyozza a rozsda lefoly\u00e1s\u00e1t \u00e9s a k\u00f6rnyez\u0151 anyagokra t\u00f6rt\u00e9n\u0151 foltosod\u00e1st.<\/li>\n\n\n\n<li>V\u00e9di a ruh\u00e1zatot \u00e9s a b\u0151rt az \u00e9rintkez\u00e9si foltokt\u00f3l.<\/li>\n\n\n\n<li>A k\u00edv\u00e1nt patin\u00e1s sz\u00ednben z\u00e1r.<\/li>\n\n\n\n<li>Megakad\u00e1lyozza a rozsda id\u0151vel t\u00f6rt\u00e9n\u0151 tov\u00e1bbi s\u00f6t\u00e9ted\u00e9s\u00e9t.<\/li>\n\n\n\n<li>K\u00f6nnyen alkalmazhat\u00f3 - spray vagy ecsettel felvihet\u0151 formula.<\/li>\n\n\n\n<li>Tart\u00f3s \u00e9s hossz\u00fa \u00e9lettartam\u00fa.<\/li>\n<\/ul>\n\n\n\n<hr class=\"wp-block-separator has-alpha-channel-opacity\"\/>\n\n\n\n<h3 class=\"wp-block-heading\">Hogyan v\u00e1ltozik a Corten ac\u00e9l sz\u00edne az id\u0151 m\u00fal\u00e1s\u00e1val?<\/h3>\n\n\n\n<p>A kezel\u00e9s ut\u00e1n a Corten ac\u00e9l sz\u00edne a h\u00f3napok sor\u00e1n term\u00e9szetesen v\u00e1ltozik. Kezdetben \u00e9l\u00e9nk narancss\u00e1rga sz\u00edn\u0171nek t\u0171nik, majd a patina \u00e9r\u00e9s\u00e9vel fokozatosan m\u00e9ly barn\u00e1s-narancssz\u00edn\u0171re s\u00f6t\u00e9tedik. Ez a folyamat term\u00e9szetes id\u0151j\u00e1r\u00e1si k\u00f6r\u00fclm\u00e9nyek k\u00f6z\u00f6tt ak\u00e1r egy \u00e9vig is eltarthat.<\/p>\n\n\n\n<p>Egyes felhaszn\u00e1l\u00f3k azonban ink\u00e1bb egy adott \u00e1rnyalatn\u00e1l szeretn\u00e9k meg\u00e1ll\u00edtani a sz\u00ednt - p\u00e9ld\u00e1ul megtartani a vil\u00e1gos narancss\u00e1rga \u00e1rnyalatot, ahelyett, hogy tov\u00e1bb s\u00f6t\u00e9tedne. Az Corten+ Sealer pontosan ezt teszi lehet\u0151v\u00e9: a felvitel ut\u00e1n stabiliz\u00e1lja a sz\u00ednt, \u00e9s meg\u00e1ll\u00edtja az oxid\u00e1ci\u00f3s folyamatot az \u00d6n \u00e1ltal kiv\u00e1lasztott st\u00e1diumban.<\/p>\n\n\n\n<hr class=\"wp-block-separator has-alpha-channel-opacity\"\/>\n\n\n\n<h3 class=\"wp-block-heading\">Hogyan kell alkalmazni az Corten+ t\u00f6m\u00edt\u0151anyagot?<\/h3>\n\n\n\n<ol class=\"wp-block-list\">\n<li>V\u00e1rjon, am\u00edg az ac\u00e9l a k\u00edv\u00e1nt rozsdat\u00f3nust kialak\u00edtja.<\/li>\n\n\n\n<li>Gy\u0151z\u0151dj\u00f6n meg r\u00f3la, hogy a fel\u00fclet teljesen sz\u00e1raz.<\/li>\n\n\n\n<li>A t\u00f6m\u00edt\u0151anyagot egyenletesen vigye fel permetez\u0151vel, hengerrel vagy puha ronggyal.<\/li>\n\n\n\n<li>Hagyja megsz\u00e1radni a gy\u00e1rt\u00f3 utas\u00edt\u00e1sai szerint.<\/li>\n<\/ol>\n\n\n\n<p>A fel\u00fclet v\u00edztasz\u00edt\u00f3v\u00e1 v\u00e1lik, mik\u00f6zben meg\u0151rzi term\u00e9szetes matt megjelen\u00e9s\u00e9t. A hagyom\u00e1nyos lakkokkal ellent\u00e9tben az Corten+ Sealer nem hoz l\u00e9tre f\u00e9nyes vagy mesters\u00e9ges megjelen\u00e9st - meg\u0151rzi a f\u00e9m nyers sz\u00e9ps\u00e9g\u00e9t.<\/p>\n\n\n\n<hr class=\"wp-block-separator has-alpha-channel-opacity\"\/>\n\n\n\n<h2 class=\"wp-block-heading\">Gyakorlati alkalmaz\u00e1sok: Corten ac\u00e9l kezel\u00e9se \u00e9s v\u00e9delme: Mikor \u00e9s hol kell kezelni \u00e9s v\u00e9deni a Corten ac\u00e9lt<\/h2>\n\n\n\n<p>A Corten-ac\u00e9l sokf\u00e9le \u00f6sszef\u00fcgg\u00e9sben haszn\u00e1lhat\u00f3, de a kezel\u00e9si folyamat a k\u00f6rnyezett\u0151l \u00e9s a t\u00e1rgyt\u00f3l f\u00fcgg\u0151en v\u00e1ltozhat.<\/p>\n\n\n\n<h3 class=\"wp-block-heading\">1. Kert \u00e9s kert\u00e9p\u00edt\u00e9s<\/h3>\n\n\n\n<p>A Corten ac\u00e9lb\u00f3l k\u00e9sz\u00fclt \u00fcltet\u0151k, szeg\u00e9lyek \u00e9s t\u0171zrak\u00f3helyek a modern k\u00fclt\u00e9ri kialak\u00edt\u00e1sok n\u00e9pszer\u0171 v\u00e1laszt\u00e1sai. Ezek az elemek azonban k\u00f6zvetlen\u00fcl ki vannak t\u00e9ve az es\u0151nek \u00e9s a talajnedvess\u00e9gnek, ami felgyors\u00edthatja a foltosod\u00e1st. Az Corten+ rozsdagyors\u00edt\u00f3, majd az Corten+ t\u00f6m\u00edt\u0151anyag alkalmaz\u00e1sa ellen\u0151rz\u00f6tt oxid\u00e1ci\u00f3t \u00e9s hossz\u00fa t\u00e1v\u00fa v\u00e9delmet biztos\u00edt a rozsdafoltok ellen a teraszokon vagy j\u00e1rdak\u00f6veken.<\/p>\n\n\n\n<h3 class=\"wp-block-heading\">2. \u00c9p\u00edt\u00e9szet \u00e9s homlokzatok<\/h3>\n\n\n\n<p>A Corten ac\u00e9lb\u00f3l k\u00e9sz\u00fclt \u00e9p\u00edt\u00e9szeti homlokzatoknak nagy fel\u00fcleten egys\u00e9ges megjelen\u00e9st kell biztos\u00edtaniuk. Ebben az esetben a fel\u00fclet szakszer\u0171 el\u0151k\u00e9sz\u00edt\u00e9se (homokf\u00fav\u00e1s vagy v\u00edzk\u0151mentes\u00edt\u00e9s) elengedhetetlen az egyenetlen patin\u00e1sod\u00e1s elker\u00fcl\u00e9se \u00e9rdek\u00e9ben. Oxid\u00e1ci\u00f3 ut\u00e1n az Corten+ Sealer seg\u00edt meg\u0151rizni a kiv\u00e1lasztott t\u00f3nust, \u00e9s megakad\u00e1lyozza a kontroll\u00e1latlan \u00f6reged\u00e9st.<\/p>\n\n\n\n<h3 class=\"wp-block-heading\">3. M\u0171v\u00e9szi \u00e9s dekorat\u00edv darabok<\/h3>\n\n\n\n<p>A m\u0171v\u00e9szek gyakran haszn\u00e1lj\u00e1k a Corten ac\u00e9lt szobrokhoz vagy falpanelekhez. Mivel ezeket a m\u0171veket n\u00e9ha belt\u00e9rben helyezik el, k\u00fcl\u00f6n\u00f6s figyelmet ig\u00e9nyelnek: a rozsdar\u00e9szecsk\u00e9k k\u00f6nnyen elsz\u00ednezhetik a falakat \u00e9s a padl\u00f3t. Az Corten+ Sealer megakad\u00e1lyozza ezt, \u00edgy a m\u0171t\u00e1rgyak tiszt\u00e1k maradnak, \u00e9s b\u00e1rmilyen k\u00f6rnyezetben biztons\u00e1gosan ki\u00e1ll\u00edthat\u00f3k.<\/p>\n\n\n\n<h3 class=\"wp-block-heading\">4. B\u00fator \u00e9s bels\u0151\u00e9p\u00edt\u00e9szet<\/h3>\n\n\n\n<p>A Corten ac\u00e9l asztalok, l\u00e1mp\u00e1k \u00e9s dekor\u00e1ci\u00f3s elemek egyre n\u00e9pszer\u0171bbek belt\u00e9rben. Mivel ezek a darabok term\u00e9szetes m\u00f3don nem rozsd\u00e1sodnak, az Corten+ rozsdagyors\u00edt\u00f3val egys\u00e9ges patin\u00e1t hozhat l\u00e9tre, majd az Corten+ t\u00f6m\u00edt\u0151vel lez\u00e1rhatja a rozsda \u00e1tvitel\u00e9nek megakad\u00e1lyoz\u00e1sa \u00e9s a tiszta fel\u00fclet fenntart\u00e1sa \u00e9rdek\u00e9ben.<\/p>\n\n\n\n<hr class=\"wp-block-separator has-alpha-channel-opacity\"\/>\n\n\n\n<h2 class=\"wp-block-heading\">L\u00e9p\u00e9sr\u0151l l\u00e9p\u00e9sre t\u00f6rt\u00e9n\u0151 \u00f6sszefoglal\u00f3<\/h2>\n\n\n\n<figure class=\"wp-block-table\"><table class=\"has-fixed-layout\"><thead><tr><th>L\u00e9p\u00e9s<\/th><th>C\u00e9l<\/th><th>Haszn\u00e1land\u00f3 term\u00e9k<\/th><th>Megjegyz\u00e9sek<\/th><\/tr><\/thead><tbody><tr><td>1. El\u0151k\u00e9sz\u00edt\u00e9s<\/td><td>Tiszt\u00edtsa meg \u00e9s k\u00e9sz\u00edtse el\u0151 a fel\u00fcletet<\/td><td>Corten+ v\u00edzk\u0151old\u00f3 (melegen hengerelt) vagy Corten+ zs\u00edrtalan\u00edt\u00f3 (hidegen hengerelt)<\/td><td>Elengedhetetlen az egyenletes rozsd\u00e1sod\u00e1shoz<\/td><\/tr><tr><td>2. Oxid\u00e1ci\u00f3<\/td><td>A term\u00e9szetes rozsd\u00e1sod\u00e1s biztons\u00e1gos felgyors\u00edt\u00e1sa<\/td><td>Corten+ Rozsdagyors\u00edt\u00f3 (savmentes)<\/td><td>Egys\u00e9ges, hiteles patin\u00e1t eredm\u00e9nyez<\/td><\/tr><tr><td>3. V\u00e9delem<\/td><td>T\u00f6m\u00edtse \u00e9s stabiliz\u00e1lja a fel\u00fcletet<\/td><td>Corten+ t\u00f6m\u00edt\u0151anyag<\/td><td>Megakad\u00e1lyozza a foltokat \u00e9s r\u00f6gz\u00edti a sz\u00ednt<\/td><\/tr><\/tbody><\/table><\/figure>\n\n\n\n<hr class=\"wp-block-separator has-alpha-channel-opacity\"\/>\n\n\n\n<h2 class=\"wp-block-heading\">Mi\u00e9rt v\u00e1lassza az Corten+-t a Corten ac\u00e9lkezel\u00e9shez?<\/h2>\n\n\n\n<p>Az Corten+ t\u00f6bb mint egy term\u00e9km\u00e1rka - ez egy teljes kezel\u00e9si rendszer a Corten ac\u00e9lhoz. Minden egyes term\u00e9ket \u00fagy terveztek, hogy kieg\u00e9sz\u00edtse a t\u00f6bbit, biztos\u00edtva a professzion\u00e1lis, biztons\u00e1gos \u00e9s tart\u00f3s eredm\u00e9nyt.<\/p>\n\n\n\n<h3 class=\"wp-block-heading\">Mi teszi egyediv\u00e9 az Corten+-t<\/h3>\n\n\n\n<ul class=\"wp-block-list\">\n<li>Savmentes technol\u00f3gia: 100% biztons\u00e1gos az ac\u00e9lra \u00e9s a felhaszn\u00e1l\u00f3kra.<\/li>\n\n\n\n<li>Professzion\u00e1lis teljes\u00edtm\u00e9ny: \u00c9p\u00edt\u00e9szek, kert\u00e9p\u00edt\u0151k \u00e9s k\u00e9zm\u0171vesek haszn\u00e1lj\u00e1k vil\u00e1gszerte.<\/li>\n\n\n\n<li>Teljes megold\u00e1s: A tiszt\u00edt\u00e1st\u00f3l az oxid\u00e1ci\u00f3ig \u00e9s a v\u00e9delemig.<\/li>\n\n\n\n<li>Gyors nemzetk\u00f6zi sz\u00e1ll\u00edt\u00e1s: A glob\u00e1lis logisztikai h\u00e1l\u00f3zatnak k\u00f6sz\u00f6nhet\u0151en.<\/li>\n\n\n\n<li>K\u00f6lts\u00e9gmegtakar\u00edt\u00e1s: Kevesebb term\u00e9k, gyorsabb alkalmaz\u00e1s \u00e9s nincs sz\u00fcks\u00e9g semleges\u00edt\u00e9sre.<\/li>\n<\/ul>\n\n\n\n<p>Ha az Corten+-t v\u00e1lasztja, a min\u0151s\u00e9gbe, a biztons\u00e1gba \u00e9s a tart\u00f3ss\u00e1gba fektet be. Term\u00e9keinket kifejezetten a Corten ac\u00e9l egyedi ig\u00e9nyeihez tervezt\u00fck - ellent\u00e9tben az \u00e1ltal\u00e1nos savakkal vagy zs\u00edrtalan\u00edt\u00f3kkal, amelyek t\u00f6bbet \u00e1rthatnak, mint haszn\u00e1lhatnak.<\/p>\n\n\n\n<hr class=\"wp-block-separator has-alpha-channel-opacity\"\/>\n\n\n\n<h2 class=\"wp-block-heading\">V\u00e9gs\u0151 tippek a Corten ac\u00e9l \u00e1pol\u00e1s\u00e1hoz<\/h2>\n\n\n\n<ol class=\"wp-block-list\">\n<li>Soha ne haszn\u00e1ljon savakat a Corten ac\u00e9lhoz - azok tart\u00f3san k\u00e1ros\u00edtj\u00e1k azt.<\/li>\n\n\n\n<li>Oxid\u00e1l\u00e1s el\u0151tt mindig alaposan tiszt\u00edtsa meg a fel\u00fcletet.<\/li>\n\n\n\n<li>A term\u00e9keket sz\u00e1raz id\u0151ben alkalmazza, \u00e9s ker\u00fclje a magas p\u00e1ratartalmat vagy a k\u00f6zvetlen napf\u00e9nyt.<\/li>\n\n\n\n<li>Viseljen keszty\u0171t, hogy az ujjlenyomatok ne befoly\u00e1solj\u00e1k az oxid\u00e1ci\u00f3s mint\u00e1zatot.<\/li>\n\n\n\n<li>A legjobb eredm\u00e9ny \u00e9rdek\u00e9ben hagyjon elegend\u0151 sz\u00e1rad\u00e1si id\u0151t a l\u00e9p\u00e9sek k\u00f6z\u00f6tt.<\/li>\n\n\n\n<li>Z\u00e1rja le ac\u00e9lj\u00e1t, ha az es\u0151nek, ruh\u00e1val \u00e9rintkezik, vagy olyan k\u00f6zeli fel\u00fcleteken, amelyek foltot hagyhatnak rajta.<\/li>\n<\/ol>\n\n\n\n<p>A k\u00f6vetkez\u0151 l\u00e9p\u00e9seket k\u00f6vetve \u00e9s a <strong>Corten+ term\u00e9kek<\/strong>, biztos\u00edthatja, hogy Corten ac\u00e9l projektjei - legyenek azok dekorat\u00edv, \u00e9p\u00edt\u00e9szeti vagy funkcion\u00e1lisak - hossz\u00fa \u00e9veken \u00e1t meg\u0151rzik sz\u00e9ps\u00e9g\u00fcket \u00e9s integrit\u00e1sukat.<\/p>\n\n\n\n<hr class=\"wp-block-separator has-alpha-channel-opacity\"\/>\n\n\n\n<h2 class=\"wp-block-heading\">Hol v\u00e1s\u00e1rolhat Corten+ term\u00e9keket<\/h2>\n\n\n\n<p>Az \u00f6sszes Corten+ term\u00e9k - a v\u00edzk\u0151old\u00f3, a zs\u00edrtalan\u00edt\u00f3, a rozsdagyors\u00edt\u00f3 \u00e9s a t\u00f6m\u00edt\u0151 - el\u00e9rhet\u0151 a hivatalos weboldalunkon. Gyorsan \u00e9s biztons\u00e1gosan sz\u00e1ll\u00edtunk vil\u00e1gszerte, \u00edgy biztos\u00edtva, hogy \u00d6n b\u00e1rhol is legyen a projektje, megkapja a term\u00e9keket.<\/p>\n\n\n\n<p>Fedezze fel teljes v\u00e1laszt\u00e9kunkat, \u00e9s fedezze fel, hogyan seg\u00edthet az Corten+ a Corten ac\u00e9l kezel\u00e9s\u00e9ben, v\u00e9delm\u00e9ben \u00e9s t\u00f6k\u00e9letes\u00edt\u00e9s\u00e9ben.<\/p>","protected":false},"excerpt":{"rendered":"<p>Corten steel \u2014 also known as weathering steel \u2014 has become a favorite material among architects, designers, landscapers, and metal artists. Its distinctive warm orange-brown patina, industrial look, and exceptional resistance to atmospheric corrosion make it both functional and aesthetic. Yet, despite its durability, Corten steel requires proper treatment and protection to develop its patina [&hellip;]<\/p>\n","protected":false},"author":1,"featured_media":24972,"comment_status":"closed","ping_status":"open","sticky":false,"template":"","format":"standard","meta":{"_uag_custom_page_level_css":"","site-sidebar-layout":"default","site-content-layout":"","ast-site-content-layout":"default","site-content-style":"default","site-sidebar-style":"default","ast-global-header-display":"","ast-banner-title-visibility":"","ast-main-header-display":"","ast-hfb-above-header-display":"","ast-hfb-below-header-display":"","ast-hfb-mobile-header-display":"","site-post-title":"","ast-breadcrumbs-content":"","ast-featured-img":"","footer-sml-layout":"","ast-disable-related-posts":"","theme-transparent-header-meta":"","adv-header-id-meta":"","stick-header-meta":"","header-above-stick-meta":"","header-main-stick-meta":"","header-below-stick-meta":"","astra-migrate-meta-layouts":"set","ast-page-background-enabled":"default","ast-page-background-meta":{"desktop":{"background-color":"var(--ast-global-color-4)","background-image":"","background-repeat":"repeat","background-position":"center center","background-size":"auto","background-attachment":"scroll","background-type":"","background-media":"","overlay-type":"","overlay-color":"","overlay-opacity":"","overlay-gradient":""},"tablet":{"background-color":"","background-image":"","background-repeat":"repeat","background-position":"center center","background-size":"auto","background-attachment":"scroll","background-type":"","background-media":"","overlay-type":"","overlay-color":"","overlay-opacity":"","overlay-gradient":""},"mobile":{"background-color":"","background-image":"","background-repeat":"repeat","background-position":"center center","background-size":"auto","background-attachment":"scroll","background-type":"","background-media":"","overlay-type":"","overlay-color":"","overlay-opacity":"","overlay-gradient":""}},"ast-content-background-meta":{"desktop":{"background-color":"var(--ast-global-color-5)","background-image":"","background-repeat":"repeat","background-position":"center center","background-size":"auto","background-attachment":"scroll","background-type":"","background-media":"","overlay-type":"","overlay-color":"","overlay-opacity":"","overlay-gradient":""},"tablet":{"background-color":"var(--ast-global-color-5)","background-image":"","background-repeat":"repeat","background-position":"center center","background-size":"auto","background-attachment":"scroll","background-type":"","background-media":"","overlay-type":"","overlay-color":"","overlay-opacity":"","overlay-gradient":""},"mobile":{"background-color":"var(--ast-global-color-5)","background-image":"","background-repeat":"repeat","background-position":"center center","background-size":"auto","background-attachment":"scroll","background-type":"","background-media":"","overlay-type":"","overlay-color":"","overlay-opacity":"","overlay-gradient":""}},"footnotes":""},"categories":[1],"tags":[],"class_list":["post-24971","post","type-post","status-publish","format-standard","has-post-thumbnail","hentry","category-non-classe"],"spectra_custom_meta":{"_edit_lock":["1761804478:1"],"_thumbnail_id":["24972"],"_uag_custom_page_level_css":[""],"site-sidebar-layout":["default"],"site-content-layout":[""],"ast-site-content-layout":["default"],"site-content-style":["default"],"site-sidebar-style":["default"],"ast-global-header-display":[""],"ast-banner-title-visibility":[""],"ast-main-header-display":[""],"ast-hfb-above-header-display":[""],"ast-hfb-below-header-display":[""],"ast-hfb-mobile-header-display":[""],"site-post-title":[""],"ast-breadcrumbs-content":[""],"ast-featured-img":[""],"footer-sml-layout":[""],"theme-transparent-header-meta":[""],"adv-header-id-meta":[""],"stick-header-meta":[""],"header-above-stick-meta":[""],"header-main-stick-meta":[""],"header-below-stick-meta":[""],"astra-migrate-meta-layouts":["set"],"ast-page-background-enabled":["default"],"ast-page-background-meta":["a:3:{s:7:\"desktop\";a:12:{s:16:\"background-color\";s:25:\"var(--ast-global-color-4)\";s:16:\"background-image\";s:0:\"\";s:17:\"background-repeat\";s:6:\"repeat\";s:19:\"background-position\";s:13:\"center center\";s:15:\"background-size\";s:4:\"auto\";s:21:\"background-attachment\";s:6:\"scroll\";s:15:\"background-type\";s:0:\"\";s:16:\"background-media\";s:0:\"\";s:12:\"overlay-type\";s:0:\"\";s:13:\"overlay-color\";s:0:\"\";s:15:\"overlay-opacity\";s:0:\"\";s:16:\"overlay-gradient\";s:0:\"\";}s:6:\"tablet\";a:12:{s:16:\"background-color\";s:0:\"\";s:16:\"background-image\";s:0:\"\";s:17:\"background-repeat\";s:6:\"repeat\";s:19:\"background-position\";s:13:\"center center\";s:15:\"background-size\";s:4:\"auto\";s:21:\"background-attachment\";s:6:\"scroll\";s:15:\"background-type\";s:0:\"\";s:16:\"background-media\";s:0:\"\";s:12:\"overlay-type\";s:0:\"\";s:13:\"overlay-color\";s:0:\"\";s:15:\"overlay-opacity\";s:0:\"\";s:16:\"overlay-gradient\";s:0:\"\";}s:6:\"mobile\";a:12:{s:16:\"background-color\";s:0:\"\";s:16:\"background-image\";s:0:\"\";s:17:\"background-repeat\";s:6:\"repeat\";s:19:\"background-position\";s:13:\"center center\";s:15:\"background-size\";s:4:\"auto\";s:21:\"background-attachment\";s:6:\"scroll\";s:15:\"background-type\";s:0:\"\";s:16:\"background-media\";s:0:\"\";s:12:\"overlay-type\";s:0:\"\";s:13:\"overlay-color\";s:0:\"\";s:15:\"overlay-opacity\";s:0:\"\";s:16:\"overlay-gradient\";s:0:\"\";}}"],"ast-content-background-meta":["a:3:{s:7:\"desktop\";a:12:{s:16:\"background-color\";s:25:\"var(--ast-global-color-5)\";s:16:\"background-image\";s:0:\"\";s:17:\"background-repeat\";s:6:\"repeat\";s:19:\"background-position\";s:13:\"center center\";s:15:\"background-size\";s:4:\"auto\";s:21:\"background-attachment\";s:6:\"scroll\";s:15:\"background-type\";s:0:\"\";s:16:\"background-media\";s:0:\"\";s:12:\"overlay-type\";s:0:\"\";s:13:\"overlay-color\";s:0:\"\";s:15:\"overlay-opacity\";s:0:\"\";s:16:\"overlay-gradient\";s:0:\"\";}s:6:\"tablet\";a:12:{s:16:\"background-color\";s:25:\"var(--ast-global-color-5)\";s:16:\"background-image\";s:0:\"\";s:17:\"background-repeat\";s:6:\"repeat\";s:19:\"background-position\";s:13:\"center center\";s:15:\"background-size\";s:4:\"auto\";s:21:\"background-attachment\";s:6:\"scroll\";s:15:\"background-type\";s:0:\"\";s:16:\"background-media\";s:0:\"\";s:12:\"overlay-type\";s:0:\"\";s:13:\"overlay-color\";s:0:\"\";s:15:\"overlay-opacity\";s:0:\"\";s:16:\"overlay-gradient\";s:0:\"\";}s:6:\"mobile\";a:12:{s:16:\"background-color\";s:25:\"var(--ast-global-color-5)\";s:16:\"background-image\";s:0:\"\";s:17:\"background-repeat\";s:6:\"repeat\";s:19:\"background-position\";s:13:\"center center\";s:15:\"background-size\";s:4:\"auto\";s:21:\"background-attachment\";s:6:\"scroll\";s:15:\"background-type\";s:0:\"\";s:16:\"background-media\";s:0:\"\";s:12:\"overlay-type\";s:0:\"\";s:13:\"overlay-color\";s:0:\"\";s:15:\"overlay-opacity\";s:0:\"\";s:16:\"overlay-gradient\";s:0:\"\";}}"],"footnotes":[""],"_elementor_edit_mode":[""],"_elementor_template_type":[""],"_elementor_data":[""],"_elementor_conditions":["a:0:{}"],"_edit_last":["1"],"_wp_page_template":["default"],"_uag_css_file_name":["uag-css-24971.css"],"_uagb_previous_block_counts":["a:90:{s:21:\"uagb\/advanced-heading\";i:0;s:15:\"uagb\/blockquote\";i:0;s:12:\"uagb\/buttons\";i:0;s:18:\"uagb\/buttons-child\";i:0;s:19:\"uagb\/call-to-action\";i:0;s:15:\"uagb\/cf7-styler\";i:0;s:11:\"uagb\/column\";i:0;s:12:\"uagb\/columns\";i:0;s:14:\"uagb\/container\";i:0;s:21:\"uagb\/content-timeline\";i:0;s:27:\"uagb\/content-timeline-child\";i:0;s:14:\"uagb\/countdown\";i:0;s:12:\"uagb\/counter\";i:0;s:8:\"uagb\/faq\";i:0;s:14:\"uagb\/faq-child\";i:0;s:10:\"uagb\/forms\";i:0;s:17:\"uagb\/forms-accept\";i:0;s:19:\"uagb\/forms-checkbox\";i:0;s:15:\"uagb\/forms-date\";i:0;s:16:\"uagb\/forms-email\";i:0;s:17:\"uagb\/forms-hidden\";i:0;s:15:\"uagb\/forms-name\";i:0;s:16:\"uagb\/forms-phone\";i:0;s:16:\"uagb\/forms-radio\";i:0;s:17:\"uagb\/forms-select\";i:0;s:19:\"uagb\/forms-textarea\";i:0;s:17:\"uagb\/forms-toggle\";i:0;s:14:\"uagb\/forms-url\";i:0;s:14:\"uagb\/gf-styler\";i:0;s:15:\"uagb\/google-map\";i:0;s:11:\"uagb\/how-to\";i:0;s:16:\"uagb\/how-to-step\";i:0;s:9:\"uagb\/icon\";i:0;s:14:\"uagb\/icon-list\";i:0;s:20:\"uagb\/icon-list-child\";i:0;s:10:\"uagb\/image\";i:0;s:18:\"uagb\/image-gallery\";i:0;s:13:\"uagb\/info-box\";i:0;s:18:\"uagb\/inline-notice\";i:0;s:11:\"uagb\/lottie\";i:0;s:21:\"uagb\/marketing-button\";i:0;s:10:\"uagb\/modal\";i:0;s:18:\"uagb\/popup-builder\";i:0;s:16:\"uagb\/post-button\";i:0;s:18:\"uagb\/post-carousel\";i:0;s:17:\"uagb\/post-excerpt\";i:0;s:14:\"uagb\/post-grid\";i:0;s:15:\"uagb\/post-image\";i:0;s:17:\"uagb\/post-masonry\";i:0;s:14:\"uagb\/post-meta\";i:0;s:18:\"uagb\/post-taxonomy\";i:0;s:18:\"uagb\/post-timeline\";i:0;s:15:\"uagb\/post-title\";i:0;s:20:\"uagb\/restaurant-menu\";i:0;s:26:\"uagb\/restaurant-menu-child\";i:0;s:11:\"uagb\/review\";i:0;s:12:\"uagb\/section\";i:0;s:14:\"uagb\/separator\";i:0;s:11:\"uagb\/slider\";i:0;s:17:\"uagb\/slider-child\";i:0;s:17:\"uagb\/social-share\";i:0;s:23:\"uagb\/social-share-child\";i:0;s:16:\"uagb\/star-rating\";i:0;s:23:\"uagb\/sure-cart-checkout\";i:0;s:22:\"uagb\/sure-cart-product\";i:0;s:15:\"uagb\/sure-forms\";i:0;s:22:\"uagb\/table-of-contents\";i:0;s:9:\"uagb\/tabs\";i:0;s:15:\"uagb\/tabs-child\";i:0;s:18:\"uagb\/taxonomy-list\";i:0;s:9:\"uagb\/team\";i:0;s:16:\"uagb\/testimonial\";i:0;s:14:\"uagb\/wp-search\";i:0;s:19:\"uagb\/instagram-feed\";i:0;s:10:\"uagb\/login\";i:0;s:17:\"uagb\/loop-builder\";i:0;s:18:\"uagb\/loop-category\";i:0;s:20:\"uagb\/loop-pagination\";i:0;s:15:\"uagb\/loop-reset\";i:0;s:16:\"uagb\/loop-search\";i:0;s:14:\"uagb\/loop-sort\";i:0;s:17:\"uagb\/loop-wrapper\";i:0;s:13:\"uagb\/register\";i:0;s:19:\"uagb\/register-email\";i:0;s:24:\"uagb\/register-first-name\";i:0;s:23:\"uagb\/register-last-name\";i:0;s:22:\"uagb\/register-password\";i:0;s:30:\"uagb\/register-reenter-password\";i:0;s:19:\"uagb\/register-terms\";i:0;s:22:\"uagb\/register-username\";i:0;}"]},"uagb_featured_image_src":{"full":["https:\/\/www.cortenplus.com\/wp-content\/uploads\/2025\/10\/pexels-photo-7601532-7601532.jpg",2560,1707,false],"thumbnail":["https:\/\/www.cortenplus.com\/wp-content\/uploads\/2025\/10\/pexels-photo-7601532-7601532-150x150.jpg",150,150,true],"medium":["https:\/\/www.cortenplus.com\/wp-content\/uploads\/2025\/10\/pexels-photo-7601532-7601532-300x200.jpg",300,200,true],"medium_large":["https:\/\/www.cortenplus.com\/wp-content\/uploads\/2025\/10\/pexels-photo-7601532-7601532-768x512.jpg",768,512,true],"large":["https:\/\/www.cortenplus.com\/wp-content\/uploads\/2025\/10\/pexels-photo-7601532-7601532-1024x683.jpg",1024,683,true],"1536x1536":["https:\/\/www.cortenplus.com\/wp-content\/uploads\/2025\/10\/pexels-photo-7601532-7601532-1536x1024.jpg",1536,1024,true],"2048x2048":["https:\/\/www.cortenplus.com\/wp-content\/uploads\/2025\/10\/pexels-photo-7601532-7601532-2048x1366.jpg",2048,1366,true],"trp-custom-language-flag":["https:\/\/www.cortenplus.com\/wp-content\/uploads\/2025\/10\/pexels-photo-7601532-7601532-18x12.jpg",18,12,true],"woocommerce_thumbnail":["https:\/\/www.cortenplus.com\/wp-content\/uploads\/2025\/10\/pexels-photo-7601532-7601532-300x300.jpg",300,300,true],"woocommerce_single":["https:\/\/www.cortenplus.com\/wp-content\/uploads\/2025\/10\/pexels-photo-7601532-7601532-600x400.jpg",600,400,true],"woocommerce_gallery_thumbnail":["https:\/\/www.cortenplus.com\/wp-content\/uploads\/2025\/10\/pexels-photo-7601532-7601532-100x100.jpg",100,100,true]},"uagb_author_info":{"display_name":"admin","author_link":"https:\/\/www.cortenplus.com\/hu\/author\/admin2721\/"},"uagb_comment_info":0,"uagb_excerpt":"Corten steel \u2014 also known as weathering steel \u2014 has become a favorite material among architects, designers, landscapers, and metal artists. Its distinctive warm orange-brown patina, industrial look, and exceptional resistance to atmospheric corrosion make it both functional and aesthetic. Yet, despite its durability, Corten steel requires proper treatment and protection to develop its patina&hellip;","_links":{"self":[{"href":"https:\/\/www.cortenplus.com\/hu\/wp-json\/wp\/v2\/posts\/24971","targetHints":{"allow":["GET"]}}],"collection":[{"href":"https:\/\/www.cortenplus.com\/hu\/wp-json\/wp\/v2\/posts"}],"about":[{"href":"https:\/\/www.cortenplus.com\/hu\/wp-json\/wp\/v2\/types\/post"}],"author":[{"embeddable":true,"href":"https:\/\/www.cortenplus.com\/hu\/wp-json\/wp\/v2\/users\/1"}],"replies":[{"embeddable":true,"href":"https:\/\/www.cortenplus.com\/hu\/wp-json\/wp\/v2\/comments?post=24971"}],"version-history":[{"count":3,"href":"https:\/\/www.cortenplus.com\/hu\/wp-json\/wp\/v2\/posts\/24971\/revisions"}],"predecessor-version":[{"id":25027,"href":"https:\/\/www.cortenplus.com\/hu\/wp-json\/wp\/v2\/posts\/24971\/revisions\/25027"}],"wp:featuredmedia":[{"embeddable":true,"href":"https:\/\/www.cortenplus.com\/hu\/wp-json\/wp\/v2\/media\/24972"}],"wp:attachment":[{"href":"https:\/\/www.cortenplus.com\/hu\/wp-json\/wp\/v2\/media?parent=24971"}],"wp:term":[{"taxonomy":"category","embeddable":true,"href":"https:\/\/www.cortenplus.com\/hu\/wp-json\/wp\/v2\/categories?post=24971"},{"taxonomy":"post_tag","embeddable":true,"href":"https:\/\/www.cortenplus.com\/hu\/wp-json\/wp\/v2\/tags?post=24971"}],"curies":[{"name":"wp","href":"https:\/\/api.w.org\/{rel}","templated":true}]}}